{"id":755,"date":"2020-10-13T15:36:49","date_gmt":"2020-10-13T15:36:49","guid":{"rendered":"http:\/\/lavereda.com.mx\/?p=755"},"modified":"2020-10-13T15:36:51","modified_gmt":"2020-10-13T15:36:51","slug":"la-exposicion-aztecas-sera-disfrutada-en-viena","status":"publish","type":"post","link":"https:\/\/lavereda.com.mx\/index.php\/2020\/10\/13\/la-exposicion-aztecas-sera-disfrutada-en-viena\/","title":{"rendered":"La exposici\u00f3n Aztecas ser\u00e1 disfrutada en Viena"},"content":{"rendered":"\n<p><strong>Viena, Austria.&nbsp;<\/strong>Este 2020, el Museo Etnogr\u00e1fico de Viena (Weltmuseum Wien) abre sus puertas a la exposici\u00f3n&nbsp;<em>Aztecas<\/em>, una muestra en torno al arte, cultura y cosmovisi\u00f3n de esta importante civilizaci\u00f3n prehisp\u00e1nica.<\/p>\n\n\n\n<p>Previo al evento inaugural, programado para este mi\u00e9rcoles 14 de octubre a las 18:30 horas (horario en Viena), se realiz\u00f3 una conferencia de prensa con la participaci\u00f3n de la directora general de Kunsthistorisches Museum, Sabine Haag; la curadora de la exposici\u00f3n, Doris Kurella; la directora del Linden Museum, In\u00e9s de Castro, y el director del Weltmuseum Wien, Christian Schicklgruber.<\/p>\n\n\n\n<p>Sin duda, una parte de la muestra aborda el sistema tributario y los sacrificios rituales que, para la vida religiosa y econ\u00f3mica de esta cultura, ten\u00edan un rol fundamental. No obstante, para la doctora In\u00e9s de Castro, directora del Museo Linden y una de las principales impulsoras del proyecto, \u201cuna de las motivaciones principales de la exposici\u00f3n fue establecer un di\u00e1logo y una conexi\u00f3n entre los pa\u00edses para contar otras historias.<\/p>\n\n\n\n<blockquote class=\"wp-block-quote is-layout-flow wp-block-quote-is-layout-flow\"><p>\u201cEra importante traer un legado de Am\u00e9rica Latina hacia Europa para dar una visi\u00f3n m\u00e1s amplia y poder mostrar la cultura azteca m\u00e1s all\u00e1 de los estereotipos, como una cultura compleja, con una importante arquitectura, con conciencia y estructura social\u201d, apunt\u00f3 durante la conferencia de prensa.<\/p><\/blockquote>\n\n\n\n<p>Sobre este punto, la curadora Doris Kurella coincidi\u00f3 en que no es una exposici\u00f3n solamente sobre el arte azteca, sino sobre una cultura en general. \u201cPara m\u00ed fue muy importante elegir objetos que cuentan una historia, que aportan algo del contexto en el que est\u00e1n presentados\u201d, explic\u00f3 al referirse a esta civilizaci\u00f3n que lleg\u00f3 a dominar gran parte del territorio mesoamericano.&nbsp;<\/p>\n\n\n\n<p>\u201cSe trataba de un pueblo originalmente n\u00f3mada que al final se estableci\u00f3 en algunos islotes del lago de Texcoco, donde fundaron la ciudad de Tenochtitlan, hoy Ciudad de M\u00e9xico, en 1325. Los Aztecas son una de las civilizaciones prehisp\u00e1nicas m\u00e1s estudiadas puesto que lograron conformar un imperio superado \u00fanicamente por los Incas del Per\u00fa\u201d, detall\u00f3.<\/p>\n\n\n\n<p>Por su parte, el coordinador Nacional de Museos y Exposiciones del Instituto Nacional de Antropolog\u00eda e Historia (INAH), Juan Manuel Garibay, rescat\u00f3 esta exposici\u00f3n como un proyecto acad\u00e9mico integral que contribuir\u00e1 sin duda a derribar estereotipos sobre una de las civilizaciones mesoamericanas m\u00e1s relevantes y avanzar hacia la comprensi\u00f3n de la sofisticada cosmovisi\u00f3n y compleja organizaci\u00f3n social que alcanzaron los aztecas; y confi\u00f3 en que, a trav\u00e9s de esta muestra, la riqueza cultural e hist\u00f3rica de M\u00e9xico continuar\u00e1 sorprendiendo al p\u00fablico europeo.<\/p>\n\n\n\n<p>La muestra fue organizada por el Museo Linden, en Alemania, y el Museo Volkenkunde (Museo de Etnolog\u00eda), este \u00faltimo en Leiden, Pa\u00edses Bajos, bajo la curadur\u00eda de sus especialistas, los doctores Doris Kurella y Martin Berger.<\/p>\n\n\n\n<p>La exhibici\u00f3n, que inici\u00f3 su periplo europeo el a\u00f1o pasado en Stuttgart, Alemania, incluye m\u00e1s de 200 piezas y objetos en pr\u00e9stamo de museos y colecciones mexicanos y europeos, entre los cuales destacan los acervos de los museos Nacional de Antropolog\u00eda y del Templo Mayor; as\u00ed como con laasesor\u00eda cient\u00edfica de expertos, como los arque\u00f3logos Eduardo Matos Moctezuma, Leonardo L\u00f3pez Luj\u00e1n y Ra\u00fal Barrera Rodr\u00edguez, por parte de la Secretar\u00eda de Cultura del Gobierno de M\u00e9xico, a trav\u00e9s del INAH.<\/p>\n\n\n\n<p>La valiosa colecci\u00f3n arqueol\u00f3gica que integra la magna exposici\u00f3n\u00a0<em>Aztecas<\/em>\u00a0podr\u00e1 visitarse a partir del 14 de octubre y hasta el 13 de abril de 2021 en el Museo Etnogr\u00e1fico de Viena.<\/p>\n","protected":false},"excerpt":{"rendered":"<p>Viena, Austria.&nbsp;Este 2020, el Museo Etnogr\u00e1fico de Viena (Weltmuseum Wien) abre sus puertas a la exposici\u00f3n&nbsp;Aztecas, una muestra en torno al arte, cultura y cosmovisi\u00f3n de esta importante civilizaci\u00f3n prehisp\u00e1nica. &hellip; <a href=\"https:\/\/lavereda.com.mx\/index.php\/2020\/10\/13\/la-exposicion-aztecas-sera-disfrutada-en-viena\/\" class=\"more-link\">Leer m\u00e1s<\/a><\/p>\n","protected":false},"author":1,"featured_media":756,"comment_status":"open","ping_status":"open","sticky":false,"template":"","format":"standard","meta":{"footnotes":""},"categories":[3,18],"tags":[],"class_list":["post-755","post","type-post","status-publish","format-standard","has-post-thumbnail","hentry","category-artes-visuales","category-lomasrelevante","entry"],"_links":{"self":[{"href":"https:\/\/lavereda.com.mx\/index.php\/wp-json\/wp\/v2\/posts\/755","targetHints":{"allow":["GET"]}}],"collection":[{"href":"https:\/\/lavereda.com.mx\/index.php\/wp-json\/wp\/v2\/posts"}],"about":[{"href":"https:\/\/lavereda.com.mx\/index.php\/wp-json\/wp\/v2\/types\/post"}],"author":[{"embeddable":true,"href":"https:\/\/lavereda.com.mx\/index.php\/wp-json\/wp\/v2\/users\/1"}],"replies":[{"embeddable":true,"href":"https:\/\/lavereda.com.mx\/index.php\/wp-json\/wp\/v2\/comments?post=755"}],"version-history":[{"count":1,"href":"https:\/\/lavereda.com.mx\/index.php\/wp-json\/wp\/v2\/posts\/755\/revisions"}],"predecessor-version":[{"id":757,"href":"https:\/\/lavereda.com.mx\/index.php\/wp-json\/wp\/v2\/posts\/755\/revisions\/757"}],"wp:featuredmedia":[{"embeddable":true,"href":"https:\/\/lavereda.com.mx\/index.php\/wp-json\/wp\/v2\/media\/756"}],"wp:attachment":[{"href":"https:\/\/lavereda.com.mx\/index.php\/wp-json\/wp\/v2\/media?parent=755"}],"wp:term":[{"taxonomy":"category","embeddable":true,"href":"https:\/\/lavereda.com.mx\/index.php\/wp-json\/wp\/v2\/categories?post=755"},{"taxonomy":"post_tag","embeddable":true,"href":"https:\/\/lavereda.com.mx\/index.php\/wp-json\/wp\/v2\/tags?post=755"}],"curies":[{"name":"wp","href":"https:\/\/api.w.org\/{rel}","templated":true}]}}