{"id":752,"date":"2020-10-12T14:53:53","date_gmt":"2020-10-12T14:53:53","guid":{"rendered":"http:\/\/lavereda.com.mx\/?p=752"},"modified":"2020-10-12T14:53:54","modified_gmt":"2020-10-12T14:53:54","slug":"los-riesgos-del-ocio-3","status":"publish","type":"post","link":"https:\/\/lavereda.com.mx\/index.php\/2020\/10\/12\/los-riesgos-del-ocio-3\/","title":{"rendered":"Los riesgos del ocio"},"content":{"rendered":"\n<p>Hoy despierto con el firme prop\u00f3sito de comenzar un proyecto que me ha dado vueltas en la cabeza desde hace un mes.<\/p>\n\n\n\n<p>Rescatar el peso perdido, no\u2026 suena raro. La idea es recobrar el cuerpo perdido, aunque parece ser m\u00e1s f\u00e1cil que Proust salga en b\u00fasqueda del tiempo y lo recupere a que yo logre encontrar ese cuerpecito que fui.&nbsp;<\/p>\n\n\n\n<blockquote class=\"wp-block-quote is-layout-flow wp-block-quote-is-layout-flow\"><p>Me doy cuenta de que a veces resulta que el trabajo y las realidades de la vida te van quitando un poco de esencia. Parafraseando a Dante Alighieri, me encuentro en el oscuro camino justo a la mitad de mi vida y es necesario definir prioridades.<\/p><\/blockquote>\n\n\n\n<p>Aunque la verdad es que&nbsp;&nbsp;da lo mismo si esa negrura se presenta a los treinta y cinco, a los cincuenta o a los doce. Siempre estaremos confundidos, golpeados por esa graciosa manera que tiene el tiempo, la realidad y la necesidad, de recordarnos que estamos en manos de algo que nos pondr\u00e1 obst\u00e1culos cada vez m\u00e1s grandes a cualquier intento por volver a ser aquello que alguna vez vimos en el espejo.<\/p>\n\n\n\n<p>Con mi prop\u00f3sito clar\u00edsimo, me subo a esa b\u00e1scula que la mayor\u00eda tenemos empolvada en alg\u00fan oscuro caj\u00f3n, y veo con horror que la tarea asignada por mi yo ingenuo va m\u00e1s all\u00e1 de lo previsto.&nbsp;&nbsp;<\/p>\n\n\n\n<p>Veamos, diez a\u00f1os de alegr\u00eda sin fin, de botana con amigos, de comidas lindas con pretendientes, de agasajar escritores, de pastel y caf\u00e9 con amigas, de tardes tequileras con los padres; de noches de bohemia, de ma\u00f1anas de escritura. Kilos extras que no importaban hasta que decid\u00ed abruptamente que ya era suficiente de indisciplinado placer y tocaba un poco del auto cuidado que proclaman aquellos que esperan tener una sana vejez.<\/p>\n\n\n\n<p>As\u00ed que disciplinadamente saco todos esos productos deliciosos pero malvados de mi refrigerador, de la despensa y comienzo a alejar esas botellas de vino de mi cava, y las sensualmente crujientes cositas saladas, para sustituirlas por apios que tambi\u00e9n crujen, pero de formas bastante aburridas. Y encuentro al fondo de la alacena una balanza que me har\u00e1 no pasarme de los cien gramos permitidos de cada cosa.&nbsp;<\/p>\n\n\n\n<p>Aprovecho los tiempos de sana distancia para alejar antojos y buenos momentos, y recuperar el hueso perdido, la clav\u00edcula oculta, el muslo raqu\u00edtico&nbsp;&nbsp;que pueda ser cubierto por esos horrendos pantalones de tubo que se cree que todas las mexicanas ansiamos tener en nuestro ropero.<\/p>\n","protected":false},"excerpt":{"rendered":"<p>Hoy despierto con el firme prop\u00f3sito de comenzar un proyecto que me ha dado vueltas en la cabeza desde hace un mes. Rescatar el peso perdido, no\u2026 suena raro. La &hellip; <a href=\"https:\/\/lavereda.com.mx\/index.php\/2020\/10\/12\/los-riesgos-del-ocio-3\/\" class=\"more-link\">Leer m\u00e1s<\/a><\/p>\n","protected":false},"author":11,"featured_media":753,"comment_status":"open","ping_status":"open","sticky":false,"template":"","format":"standard","meta":{"footnotes":""},"categories":[18,9],"tags":[],"class_list":["post-752","post","type-post","status-publish","format-standard","has-post-thumbnail","hentry","category-lomasrelevante","category-opinion","entry"],"_links":{"self":[{"href":"https:\/\/lavereda.com.mx\/index.php\/wp-json\/wp\/v2\/posts\/752","targetHints":{"allow":["GET"]}}],"collection":[{"href":"https:\/\/lavereda.com.mx\/index.php\/wp-json\/wp\/v2\/posts"}],"about":[{"href":"https:\/\/lavereda.com.mx\/index.php\/wp-json\/wp\/v2\/types\/post"}],"author":[{"embeddable":true,"href":"https:\/\/lavereda.com.mx\/index.php\/wp-json\/wp\/v2\/users\/11"}],"replies":[{"embeddable":true,"href":"https:\/\/lavereda.com.mx\/index.php\/wp-json\/wp\/v2\/comments?post=752"}],"version-history":[{"count":1,"href":"https:\/\/lavereda.com.mx\/index.php\/wp-json\/wp\/v2\/posts\/752\/revisions"}],"predecessor-version":[{"id":754,"href":"https:\/\/lavereda.com.mx\/index.php\/wp-json\/wp\/v2\/posts\/752\/revisions\/754"}],"wp:featuredmedia":[{"embeddable":true,"href":"https:\/\/lavereda.com.mx\/index.php\/wp-json\/wp\/v2\/media\/753"}],"wp:attachment":[{"href":"https:\/\/lavereda.com.mx\/index.php\/wp-json\/wp\/v2\/media?parent=752"}],"wp:term":[{"taxonomy":"category","embeddable":true,"href":"https:\/\/lavereda.com.mx\/index.php\/wp-json\/wp\/v2\/categories?post=752"},{"taxonomy":"post_tag","embeddable":true,"href":"https:\/\/lavereda.com.mx\/index.php\/wp-json\/wp\/v2\/tags?post=752"}],"curies":[{"name":"wp","href":"https:\/\/api.w.org\/{rel}","templated":true}]}}