{"id":749,"date":"2020-10-11T16:00:52","date_gmt":"2020-10-11T16:00:52","guid":{"rendered":"http:\/\/lavereda.com.mx\/?p=749"},"modified":"2020-10-11T16:00:54","modified_gmt":"2020-10-11T16:00:54","slug":"cine-tv-francotirador","status":"publish","type":"post","link":"https:\/\/lavereda.com.mx\/index.php\/2020\/10\/11\/cine-tv-francotirador\/","title":{"rendered":"Cine TV: Francotirador"},"content":{"rendered":"\n<p><strong>(Amerian Sniper, 2014)<\/strong><\/p>\n\n\n\n<p>Francotirador o exaltaci\u00f3n al esp\u00edritu de guerra estadounidense.<\/p>\n\n\n\n<p>Clint Eastwood, un patriota que ha incursionado con \u00e9xito en el arte y la pol\u00edtica, dirige esta eleg\u00eda a Chris Kyle, un c\u00e9lebre marine, reconocido como el m\u00e1s letal de los tiradores del Ej\u00e9rcito de EU, que marc\u00f3 m\u00e1s de un centenar de muescas en su fusil.<\/p>\n\n\n\n<p>El siempre atractivo Bradley Cooper hace una puntual interpretaci\u00f3n del h\u00e9roe de guerra, que se involucra en misiones en el Medio Oriente, participa en operativos riesgosos y sobrevive.<\/p>\n\n\n\n<p>Pero el costo de regresar vivo a casa es alt\u00edsimo. Aunque se le considera un pr\u00f3cer, la conciencia no lo deja en paz. El trauma de la guerra lo persigue sin darle tregua, porque no puede separar lo que es la acci\u00f3n de lo que es su vida.<\/p>\n\n\n\n<p>Y los que sufren son quienes est\u00e1n en su primer c\u00edrculo de afectos.<\/p>\n\n\n\n<p>Emocionante, porque muestra c\u00f3mo es el entrenamiento de un tirador de \u00e9lite, la cinta tiene una subtrama interesante sobre un duelo personal que sostiene con otro sniper, de su mismo nivel, que est\u00e1 del lado de los \u201ctipos malos\u201d a los que combate Kyle.<\/p>\n\n\n\n<p>Entre la narrativa sobre la vida del guerrero en combate y en el su vuelta al hogar, se muestra un homenaje a Estados Unidos, como pa\u00eds que mantiene el liderazgo en el planeta, a trav\u00e9s de la administraci\u00f3n de la violencia para aplastar a las amenazas del mundo libre.<\/p>\n\n\n\n<p>(R. Restringido; menores de 17 deben estar acompa\u00f1ados de sus padres)<\/p>\n\n\n\n<p>Netflix<\/p>\n\n\n\n<p>Twitter @LucianoCamposG<\/p>\n","protected":false},"excerpt":{"rendered":"<p>(Amerian Sniper, 2014) Francotirador o exaltaci\u00f3n al esp\u00edritu de guerra estadounidense. Clint Eastwood, un patriota que ha incursionado con \u00e9xito en el arte y la pol\u00edtica, dirige esta eleg\u00eda a &hellip; <a href=\"https:\/\/lavereda.com.mx\/index.php\/2020\/10\/11\/cine-tv-francotirador\/\" class=\"more-link\">Leer m\u00e1s<\/a><\/p>\n","protected":false},"author":3,"featured_media":750,"comment_status":"open","ping_status":"open","sticky":false,"template":"","format":"standard","meta":{"footnotes":""},"categories":[6],"tags":[],"class_list":["post-749","post","type-post","status-publish","format-standard","has-post-thumbnail","hentry","category-cinetv","entry"],"_links":{"self":[{"href":"https:\/\/lavereda.com.mx\/index.php\/wp-json\/wp\/v2\/posts\/749","targetHints":{"allow":["GET"]}}],"collection":[{"href":"https:\/\/lavereda.com.mx\/index.php\/wp-json\/wp\/v2\/posts"}],"about":[{"href":"https:\/\/lavereda.com.mx\/index.php\/wp-json\/wp\/v2\/types\/post"}],"author":[{"embeddable":true,"href":"https:\/\/lavereda.com.mx\/index.php\/wp-json\/wp\/v2\/users\/3"}],"replies":[{"embeddable":true,"href":"https:\/\/lavereda.com.mx\/index.php\/wp-json\/wp\/v2\/comments?post=749"}],"version-history":[{"count":1,"href":"https:\/\/lavereda.com.mx\/index.php\/wp-json\/wp\/v2\/posts\/749\/revisions"}],"predecessor-version":[{"id":751,"href":"https:\/\/lavereda.com.mx\/index.php\/wp-json\/wp\/v2\/posts\/749\/revisions\/751"}],"wp:featuredmedia":[{"embeddable":true,"href":"https:\/\/lavereda.com.mx\/index.php\/wp-json\/wp\/v2\/media\/750"}],"wp:attachment":[{"href":"https:\/\/lavereda.com.mx\/index.php\/wp-json\/wp\/v2\/media?parent=749"}],"wp:term":[{"taxonomy":"category","embeddable":true,"href":"https:\/\/lavereda.com.mx\/index.php\/wp-json\/wp\/v2\/categories?post=749"},{"taxonomy":"post_tag","embeddable":true,"href":"https:\/\/lavereda.com.mx\/index.php\/wp-json\/wp\/v2\/tags?post=749"}],"curies":[{"name":"wp","href":"https:\/\/api.w.org\/{rel}","templated":true}]}}