{"id":7443,"date":"2026-01-28T00:53:22","date_gmt":"2026-01-28T00:53:22","guid":{"rendered":"https:\/\/lavereda.com.mx\/?p=7443"},"modified":"2026-01-28T00:53:22","modified_gmt":"2026-01-28T00:53:22","slug":"el-artista-grafico-alonso-licerio-recibe-homenaje","status":"publish","type":"post","link":"https:\/\/lavereda.com.mx\/index.php\/2026\/01\/28\/el-artista-grafico-alonso-licerio-recibe-homenaje\/","title":{"rendered":"El artista gr\u00e1fico Alonso Licerio recibe homenaje"},"content":{"rendered":"\n<p>Este lunes se realiz\u00f3 el homenaje al maestro Alonso Licerio, precursor del arte gr\u00e1fico en la Comarca Lagunera y artista de gran trayectoria con un fuerte compromiso social.<\/p>\n\n\n\n<p>En el atrio de Plaza Cuatro Caminos se inaugur\u00f3 tambi\u00e9n la exposici\u00f3n con obra de Alonso Licerio y los precursores de la gr\u00e1fica Nazario Sim\u00f3n, Hugo Presa y Jos\u00e9 Luis Torres.<\/p>\n\n\n\n<p>En el homenaje participaron la Universidad Iberoamericana, la Universidad Aut\u00f3noma de La Laguna, la gerencia de Cimaco Cuatro Caminos y se cont\u00f3 con las palabras de amigos cercanos al artista, quienes reconocieron el valor de su obra.<\/p>\n\n\n\n<p>Uno de ellos fue el escritor Saul Rosales, quien coment\u00f3 que Alonso Licerio ha llevado su vida por los caminos del arte y la participaci\u00f3n en causas sociales con un fuerte compromiso.<\/p>\n\n\n\n<p>Licerio es egresado de la Escuela Nacional de Pintura y Escultura \u201cLa Esmeralda\u201d del Instituto Nacional de Bellas Artes (INBA). Es considerado el precursor y difusor de la Estampa y la ense\u00f1anza del Grabado en la Comarca Lagunera. Ha impartido talleres en diversas universidades e instituciones culturales de la Laguna de Coahuila y Durango.<\/p>\n\n\n\n<figure class=\"wp-block-image size-large is-resized\"><img fetchpriority=\"high\" decoding=\"async\" width=\"1024\" height=\"768\" src=\"https:\/\/lavereda.com.mx\/wp-content\/uploads\/2026\/01\/Expo-1024x768.jpeg\" alt=\"\" class=\"wp-image-7444\" style=\"width:480px;height:auto\" srcset=\"https:\/\/lavereda.com.mx\/wp-content\/uploads\/2026\/01\/Expo-1024x768.jpeg 1024w, https:\/\/lavereda.com.mx\/wp-content\/uploads\/2026\/01\/Expo-300x225.jpeg 300w, https:\/\/lavereda.com.mx\/wp-content\/uploads\/2026\/01\/Expo-768x576.jpeg 768w, https:\/\/lavereda.com.mx\/wp-content\/uploads\/2026\/01\/Expo.jpeg 1200w\" sizes=\"(max-width: 1024px) 100vw, 1024px\" \/><\/figure>\n","protected":false},"excerpt":{"rendered":"<p>Este lunes se realiz\u00f3 el homenaje al maestro Alonso Licerio, precursor del arte gr\u00e1fico en la Comarca Lagunera y artista de gran trayectoria con un fuerte compromiso social. En el &hellip; <a href=\"https:\/\/lavereda.com.mx\/index.php\/2026\/01\/28\/el-artista-grafico-alonso-licerio-recibe-homenaje\/\" class=\"more-link\">Leer m\u00e1s<\/a><\/p>\n","protected":false},"author":9,"featured_media":7445,"comment_status":"open","ping_status":"open","sticky":false,"template":"","format":"standard","meta":{"footnotes":""},"categories":[3],"tags":[118,286,33],"class_list":["post-7443","post","type-post","status-publish","format-standard","has-post-thumbnail","hentry","category-artes-visuales","tag-artes-visuales","tag-grabado","tag-torreon-2","entry"],"_links":{"self":[{"href":"https:\/\/lavereda.com.mx\/index.php\/wp-json\/wp\/v2\/posts\/7443","targetHints":{"allow":["GET"]}}],"collection":[{"href":"https:\/\/lavereda.com.mx\/index.php\/wp-json\/wp\/v2\/posts"}],"about":[{"href":"https:\/\/lavereda.com.mx\/index.php\/wp-json\/wp\/v2\/types\/post"}],"author":[{"embeddable":true,"href":"https:\/\/lavereda.com.mx\/index.php\/wp-json\/wp\/v2\/users\/9"}],"replies":[{"embeddable":true,"href":"https:\/\/lavereda.com.mx\/index.php\/wp-json\/wp\/v2\/comments?post=7443"}],"version-history":[{"count":1,"href":"https:\/\/lavereda.com.mx\/index.php\/wp-json\/wp\/v2\/posts\/7443\/revisions"}],"predecessor-version":[{"id":7446,"href":"https:\/\/lavereda.com.mx\/index.php\/wp-json\/wp\/v2\/posts\/7443\/revisions\/7446"}],"wp:featuredmedia":[{"embeddable":true,"href":"https:\/\/lavereda.com.mx\/index.php\/wp-json\/wp\/v2\/media\/7445"}],"wp:attachment":[{"href":"https:\/\/lavereda.com.mx\/index.php\/wp-json\/wp\/v2\/media?parent=7443"}],"wp:term":[{"taxonomy":"category","embeddable":true,"href":"https:\/\/lavereda.com.mx\/index.php\/wp-json\/wp\/v2\/categories?post=7443"},{"taxonomy":"post_tag","embeddable":true,"href":"https:\/\/lavereda.com.mx\/index.php\/wp-json\/wp\/v2\/tags?post=7443"}],"curies":[{"name":"wp","href":"https:\/\/api.w.org\/{rel}","templated":true}]}}