{"id":7438,"date":"2026-01-26T01:42:10","date_gmt":"2026-01-26T01:42:10","guid":{"rendered":"https:\/\/lavereda.com.mx\/?p=7438"},"modified":"2026-01-26T01:43:17","modified_gmt":"2026-01-26T01:43:17","slug":"grupo-teatral-de-adolescentes-participa-en-festival-internacional","status":"publish","type":"post","link":"https:\/\/lavereda.com.mx\/index.php\/2026\/01\/26\/grupo-teatral-de-adolescentes-participa-en-festival-internacional\/","title":{"rendered":"Grupo teatral de adolescentes participa en festival internacional"},"content":{"rendered":"\n<p>La Est\u00e9tica Foro Esc\u00e9nico, foro teatral independiente, anunci\u00f3 orgullo la selecci\u00f3n de su Club de Teatro para Adolescentes \u00abLEFE Metamorfosis\u00bb en la primera edici\u00f3n en M\u00e9xico del Festival Internacional de Teatro Adolescente \u00abVamos Que Venimos\u00bb, un encuentro nacido en Buenos Aires, Argentina, que a lo largo de los a\u00f1os se ha replicado en distintas partes del mundo y que este 2026 llega por primera vez al pa\u00eds.<\/p>\n\n\n\n<p>El club de teatro LEFE Metamorfosis formar\u00e1 parte de esta edici\u00f3n del festival, que se llevar\u00e1 a cabo los d\u00edas 27 y 28 de febrero y 1 de marzo en Zapopan, Jalisco, presentando la obra \u00abEl sue\u00f1o del Monstruo\u00bb, del autor Tom\u00e1s Af\u00e1n, junto a agrupaciones adolescentes nacionales e internacionales.<\/p>\n\n\n\n<p>La directora de la Est\u00e9tica, Tere Simental, comparti\u00f3 que el nombre del club surge de la identidad del foro \u2014LEFE, sigla de La Est\u00e9tica Foro Esc\u00e9nico\u2014 y de la palabra Metamorfosis, elegida por las propias integrantes, quienes se reconocen como \u201cmariposas\u201d: j\u00f3venes que llegaron como capullos, en pleno proceso de crecimiento, y que se preparan para volar. Esta visi\u00f3n atraviesa su trabajo esc\u00e9nico, donde el teatro se convierte en un espacio de transformaci\u00f3n, expresi\u00f3n y construcci\u00f3n colectiva.<\/p>\n\n\n\n<p>\u00abLa selecci\u00f3n de LEFE Metamorfosis representa no solo un logro para el grupo, sino tambi\u00e9n para La Est\u00e9tica Foro Esc\u00e9nico, que este a\u00f1o celebra el primer aniversario de sus clubs de formaci\u00f3n art\u00edstica, espacios permanentes dedicados al acompa\u00f1amiento de procesos creativos de ni\u00f1as, ni\u00f1os, adolescentes y personas adultas\u00bb, expres\u00f3 la directora.<\/p>\n\n\n\n<p>Agreg\u00f3 que los clubs del foro funcionan como laboratorios esc\u00e9nicos donde se fomenta la disciplina, la imaginaci\u00f3n, la voz propia y el trabajo en comunidad, apostando por las artes como una herramienta art\u00edstica y humana que fortalece la identidad, la sensibilidad y el pensamiento cr\u00edtico.<\/p>\n\n\n\n<p>La participaci\u00f3n en festivales como \u00abVamos Que Venimos\u00bb confirma la importancia de estos procesos a largo plazo y su impacto m\u00e1s all\u00e1 del \u00e1mbito local. \u00abCon este logro, La Est\u00e9tica Foro Esc\u00e9nico reafirma su compromiso con la formaci\u00f3n art\u00edstica accesible, la creaci\u00f3n de espacios seguros y el impulso a las juventudes para ocupar el escenario y el mundo desde el arte\u00bb, finaliz\u00f3.<\/p>\n\n\n\n<p>Para m\u00e1s informaci\u00f3n sobre los clubs, inscripciones y actividades del foro, se invita al p\u00fablico a seguir las redes sociales de La Est\u00e9tica Foro Esc\u00e9nico o a contactar directamente al espacio.<\/p>\n","protected":false},"excerpt":{"rendered":"<p>La Est\u00e9tica Foro Esc\u00e9nico, foro teatral independiente, anunci\u00f3 orgullo la selecci\u00f3n de su Club de Teatro para Adolescentes \u00abLEFE Metamorfosis\u00bb en la primera edici\u00f3n en M\u00e9xico del Festival Internacional de &hellip; <a href=\"https:\/\/lavereda.com.mx\/index.php\/2026\/01\/26\/grupo-teatral-de-adolescentes-participa-en-festival-internacional\/\" class=\"more-link\">Leer m\u00e1s<\/a><\/p>\n","protected":false},"author":9,"featured_media":7439,"comment_status":"open","ping_status":"open","sticky":false,"template":"","format":"standard","meta":{"footnotes":""},"categories":[2],"tags":[36,30],"class_list":["post-7438","post","type-post","status-publish","format-standard","has-post-thumbnail","hentry","category-artes-escenicas","tag-teatro","tag-torreon","entry"],"_links":{"self":[{"href":"https:\/\/lavereda.com.mx\/index.php\/wp-json\/wp\/v2\/posts\/7438","targetHints":{"allow":["GET"]}}],"collection":[{"href":"https:\/\/lavereda.com.mx\/index.php\/wp-json\/wp\/v2\/posts"}],"about":[{"href":"https:\/\/lavereda.com.mx\/index.php\/wp-json\/wp\/v2\/types\/post"}],"author":[{"embeddable":true,"href":"https:\/\/lavereda.com.mx\/index.php\/wp-json\/wp\/v2\/users\/9"}],"replies":[{"embeddable":true,"href":"https:\/\/lavereda.com.mx\/index.php\/wp-json\/wp\/v2\/comments?post=7438"}],"version-history":[{"count":3,"href":"https:\/\/lavereda.com.mx\/index.php\/wp-json\/wp\/v2\/posts\/7438\/revisions"}],"predecessor-version":[{"id":7442,"href":"https:\/\/lavereda.com.mx\/index.php\/wp-json\/wp\/v2\/posts\/7438\/revisions\/7442"}],"wp:featuredmedia":[{"embeddable":true,"href":"https:\/\/lavereda.com.mx\/index.php\/wp-json\/wp\/v2\/media\/7439"}],"wp:attachment":[{"href":"https:\/\/lavereda.com.mx\/index.php\/wp-json\/wp\/v2\/media?parent=7438"}],"wp:term":[{"taxonomy":"category","embeddable":true,"href":"https:\/\/lavereda.com.mx\/index.php\/wp-json\/wp\/v2\/categories?post=7438"},{"taxonomy":"post_tag","embeddable":true,"href":"https:\/\/lavereda.com.mx\/index.php\/wp-json\/wp\/v2\/tags?post=7438"}],"curies":[{"name":"wp","href":"https:\/\/api.w.org\/{rel}","templated":true}]}}