{"id":7432,"date":"2026-01-21T01:25:49","date_gmt":"2026-01-21T01:25:49","guid":{"rendered":"https:\/\/lavereda.com.mx\/?p=7432"},"modified":"2026-01-21T01:25:50","modified_gmt":"2026-01-21T01:25:50","slug":"para-nosotros-es-muy-importante-traer-una-directora-a-camerata","status":"publish","type":"post","link":"https:\/\/lavereda.com.mx\/index.php\/2026\/01\/21\/para-nosotros-es-muy-importante-traer-una-directora-a-camerata\/","title":{"rendered":"\u201cPara nosotros es muy importante traer una directora a Camerata\u201d"},"content":{"rendered":"\n<ul class=\"wp-block-list\">\n<li><em>En entrevista el director art\u00edstico Ethan Eager habl\u00f3 sobre la directora que estar\u00e1 frente a la orquesta en el mes de marzo<\/em><\/li>\n<\/ul>\n\n\n\n<p>El pr\u00f3ximo 13 de marzo, en el mes de la mujer, Camerata de Coahuila ha invitado a la destacada directora In\u00e9s Rodr\u00edguez, quien dirige actualmente la Orquesta de la Universidad Aut\u00f3noma de Tamaulipas. En su programa presentar\u00e1 \u201cLa inconclusa\u201d de Schubert. Es una de las directoras mexicanas m\u00e1s reconocidas en la actualidad.<\/p>\n\n\n\n<p>En entrevista Ethan Eager, director art\u00edstico de la Camerata, habl\u00f3 sobre la importancia de incorporar a mujeres en la direcci\u00f3n orquestal.<\/p>\n\n\n\n<p><em><strong>\u00bfEs la primera vez que dirige una mujer como invitada ?<\/strong><\/em><\/p>\n\n\n\n<p>No es la primera vez, antes estaba Natalia Riazanova como directora asistente y concertino por varios a\u00f1os. No tengo a la mano el dato, pero s\u00ed s\u00e9 que ha venido Gabriela D\u00edaz Alatriste y otras directoras mexicanas con trayectoria.<\/p>\n\n\n\n<p>Pero s\u00ed, es bien sabido en todo el mundo que la direcci\u00f3n de orquesta es de las \u00faltimas fronteras en cuesti\u00f3n de representaci\u00f3n de la mujer.<\/p>\n\n\n\n<p><em><strong>\u00bfEntonces, no hay tantas directoras en M\u00e9xico?<\/strong><\/em><\/p>\n\n\n\n<p>No hay tantas. Y para nosotros era muy importante traer una directora mujer a Camerata, pero obviamente como lo es In\u00e9s, de la calidad que ella es. No por ser mujer, s\u00e9 que dirige una orquesta juvenil en Tamaulipas, pero tambi\u00e9n la orquesta profesional de la Universidad, se form\u00f3 en Estados Unidos y en Rep\u00fablica Checa.<\/p>\n\n\n\n<p>S\u00e9 que a su corta edad, porque es joven con 38 a\u00f1os, ya ha dirigido las principales orquestas de M\u00e9xico y varias orquestas en el extranjero. S\u00e9 que se habla muy bien de ella a nivel nacional, como de las mejores directoras de M\u00e9xico del momento.<\/p>\n\n\n\n<p>El programa que eligi\u00f3 es la famosa Inconclusa, Sinfon\u00eda de Schubert. Pero la primera parte de su programa es dedicado a compositoras mujeres, una alemana Emily Mayer, que en su momento era muy popular, muy famosa, cay\u00f3 un poco en el olvido, pero ya recientemente se ha rescatado. Le dicen la Beethoven mujer porque es m\u00e1s o menos de la \u00e9poca. Tambi\u00e9n va a estrenar una obra de una compositora mexicana.<\/p>\n\n\n\n<figure class=\"wp-block-image size-large is-resized\"><img fetchpriority=\"high\" decoding=\"async\" width=\"1024\" height=\"681\" src=\"https:\/\/lavereda.com.mx\/wp-content\/uploads\/2025\/08\/WhatsApp-Image-2025-08-20-at-7.04.35-PM-1024x681.jpeg\" alt=\"\" class=\"wp-image-7085\" style=\"aspect-ratio:1.503692101141195;width:426px;height:auto\" srcset=\"https:\/\/lavereda.com.mx\/wp-content\/uploads\/2025\/08\/WhatsApp-Image-2025-08-20-at-7.04.35-PM-1024x681.jpeg 1024w, https:\/\/lavereda.com.mx\/wp-content\/uploads\/2025\/08\/WhatsApp-Image-2025-08-20-at-7.04.35-PM-300x200.jpeg 300w, https:\/\/lavereda.com.mx\/wp-content\/uploads\/2025\/08\/WhatsApp-Image-2025-08-20-at-7.04.35-PM-768x511.jpeg 768w, https:\/\/lavereda.com.mx\/wp-content\/uploads\/2025\/08\/WhatsApp-Image-2025-08-20-at-7.04.35-PM.jpeg 1200w\" sizes=\"(max-width: 1024px) 100vw, 1024px\" \/><\/figure>\n\n\n\n<p><\/p>\n\n\n\n<p><em><strong>\u00bfRecuerdas la cantidad de mujeres que integran la orquesta?<\/strong><\/em><\/p>\n\n\n\n<p>Deben ser como unas 15 mujeres. No es el 50 por ciento todav\u00eda de la orquesta.<\/p>\n\n\n\n<p><em><strong>\u00bfExiste ese inter\u00e9s en que participen m\u00e1s mujeres?<\/strong><\/em><\/p>\n\n\n\n<p>S\u00ed, claro. Toda la diversidad enriquece y las mujeres de Camerata, por lo buen m\u00fasicos que son, enriquecen a la orquesta. Y de los integrantes nuevos que ahora se integraron cuando menos dos son mujeres.<\/p>\n\n\n\n<p><em><strong>\u00bfC\u00f3mo ha sido en la integraci\u00f3n?<\/strong><\/em><\/p>\n\n\n\n<p>De la Comarca salen grandes talentos y la integraci\u00f3n ha sido sencilla. La integraci\u00f3n de elementos nuevos cuando son j\u00f3venes y cuando son de este nivel es excelente porque realmente renuevan a la orquesta. Vienen con todas las ganas, vienen con todo el entusiasmo de tocar, vienen con el gusto de hacer m\u00fasica y hacen que crezca el nivel de toda la orquesta, porque los m\u00fasicos con m\u00e1s experiencia se contagian de la energ\u00eda y la frescura de los m\u00fasicos nuevos.<\/p>\n\n\n\n<p><em><strong>\u00a0\u00bfCu\u00e1l es la edad del m\u00fasico m\u00e1s joven?<\/strong><\/em><\/p>\n\n\n\n<p>Digamos que est\u00e1n en los veintitantos. S\u00ed, 24, 25 es la edad de los m\u00e1s j\u00f3venes de la orquesta.<\/p>\n","protected":false},"excerpt":{"rendered":"<p>El pr\u00f3ximo 13 de marzo, en el mes de la mujer, Camerata de Coahuila ha invitado a la destacada directora In\u00e9s Rodr\u00edguez, quien dirige actualmente la Orquesta de la Universidad &hellip; <a href=\"https:\/\/lavereda.com.mx\/index.php\/2026\/01\/21\/para-nosotros-es-muy-importante-traer-una-directora-a-camerata\/\" class=\"more-link\">Leer m\u00e1s<\/a><\/p>\n","protected":false},"author":9,"featured_media":7433,"comment_status":"open","ping_status":"open","sticky":false,"template":"","format":"standard","meta":{"footnotes":""},"categories":[12,4],"tags":[],"class_list":["post-7432","post","type-post","status-publish","format-standard","has-post-thumbnail","hentry","category-equidad","category-musica","entry"],"_links":{"self":[{"href":"https:\/\/lavereda.com.mx\/index.php\/wp-json\/wp\/v2\/posts\/7432","targetHints":{"allow":["GET"]}}],"collection":[{"href":"https:\/\/lavereda.com.mx\/index.php\/wp-json\/wp\/v2\/posts"}],"about":[{"href":"https:\/\/lavereda.com.mx\/index.php\/wp-json\/wp\/v2\/types\/post"}],"author":[{"embeddable":true,"href":"https:\/\/lavereda.com.mx\/index.php\/wp-json\/wp\/v2\/users\/9"}],"replies":[{"embeddable":true,"href":"https:\/\/lavereda.com.mx\/index.php\/wp-json\/wp\/v2\/comments?post=7432"}],"version-history":[{"count":1,"href":"https:\/\/lavereda.com.mx\/index.php\/wp-json\/wp\/v2\/posts\/7432\/revisions"}],"predecessor-version":[{"id":7434,"href":"https:\/\/lavereda.com.mx\/index.php\/wp-json\/wp\/v2\/posts\/7432\/revisions\/7434"}],"wp:featuredmedia":[{"embeddable":true,"href":"https:\/\/lavereda.com.mx\/index.php\/wp-json\/wp\/v2\/media\/7433"}],"wp:attachment":[{"href":"https:\/\/lavereda.com.mx\/index.php\/wp-json\/wp\/v2\/media?parent=7432"}],"wp:term":[{"taxonomy":"category","embeddable":true,"href":"https:\/\/lavereda.com.mx\/index.php\/wp-json\/wp\/v2\/categories?post=7432"},{"taxonomy":"post_tag","embeddable":true,"href":"https:\/\/lavereda.com.mx\/index.php\/wp-json\/wp\/v2\/tags?post=7432"}],"curies":[{"name":"wp","href":"https:\/\/api.w.org\/{rel}","templated":true}]}}