{"id":743,"date":"2020-10-09T17:15:57","date_gmt":"2020-10-09T17:15:57","guid":{"rendered":"http:\/\/lavereda.com.mx\/?p=743"},"modified":"2020-10-09T17:15:58","modified_gmt":"2020-10-09T17:15:58","slug":"la-cultura-olmeca-presente-en-francia","status":"publish","type":"post","link":"https:\/\/lavereda.com.mx\/index.php\/2020\/10\/09\/la-cultura-olmeca-presente-en-francia\/","title":{"rendered":"La cultura olmeca, presente en Francia"},"content":{"rendered":"\n<ul class=\"wp-block-list\"><li><strong>Una veintena de acervos mexicanos cedieron, temporalmente, 300 piezas, entre ellas la \u201cCabeza Colosal no. 4\u201d y \u201cLa mujer escarificada\u201d<\/strong><\/li><\/ul>\n\n\n\n<p><strong>Par\u00eds, Francia-&nbsp;&nbsp;<\/strong>M\u00e1s de 300 piezas que representan cerca de tres mil a\u00f1os de historia, se encuentran exhibidas en el Museo del Quai Branly-Jacques Chirac, de Par\u00eds, Francia; desde el d\u00eda de ayer.&nbsp;<\/p>\n\n\n\n<p>Luego de la contingencia sanitaria, que detuvo las actividades culturales de la capital francesa, este museo reabri\u00f3 sus puertas con una muestra in\u00e9dita para el p\u00fablico europeo:&nbsp;<em>Los olmecas y las culturas del Golfo de M\u00e9xico<\/em>.<\/p>\n\n\n\n<p>Se trata del primer proyecto expositivo internacional organizado por la Secretar\u00eda de Cultura del Gobierno de M\u00e9xico, a trav\u00e9s del Instituto Nacional de Antropolog\u00eda e Historia (INAH), en 2020.&nbsp;&nbsp;&nbsp;&nbsp;&nbsp;&nbsp;&nbsp;&nbsp;&nbsp;&nbsp;&nbsp;&nbsp;<\/p>\n\n\n\n<p>En la ceremonia de inauguraci\u00f3n, se cont\u00f3 con la presencia de la presidenta del Consejo Asesor Honorario de la Coordinaci\u00f3n de Memoria Hist\u00f3rica y Cultural de M\u00e9xico, Beatriz Guti\u00e9rrez M\u00fcller; el director general del Instituto Nacional de Antropolog\u00eda e Historia (INAH), Diego Prieto Hern\u00e1ndez, y el presidente del recinto parisino, Emmanuel Kasarh\u00e9rou.<\/p>\n\n\n\n<blockquote class=\"wp-block-quote is-layout-flow wp-block-quote-is-layout-flow\"><p>En su oportunidad, Guti\u00e9rrez M\u00fcller se\u00f1al\u00f3 que la olmeca es la civilizaci\u00f3n m\u00e1s antigua del continente americano, \u201cse trata de la primera exposici\u00f3n de tal magnitud en Europa dedicada a esta enigm\u00e1tica cultura y que contiene piezas que nunca han salido de M\u00e9xico\u201d.\u00a0<\/p><\/blockquote>\n\n\n\n<p>Relat\u00f3 que, a pesar de que los olmecas fueron la civilizaci\u00f3n m\u00e1s antigua de Am\u00e9rica, fue apenas en la segunda mitad del siglo XIX que se empez\u00f3 a conocer sobre ella. \u201cTodav\u00eda hoy es poco lo que se ha sacado a la luz, en parte, porque desaparecieron como grupo humano hace m\u00e1s de dos mil a\u00f1os\u201d.<\/p>\n\n\n\n<p>Sin embargo, continu\u00f3, \u201cning\u00fan recuento de la humanidad puede estar completo sin al menos las l\u00edneas b\u00e1sicas de aquella primera gran civilizaci\u00f3n. De ah\u00ed, que esta exhibici\u00f3n pretenda contribuir al conocimiento del pasado y al respeto del presente para poner en perspectiva lo que podemos conocer sobre los or\u00edgenes de la humanidad, y tambi\u00e9n para valorar las diferencias culturales con una visi\u00f3n m\u00e1s abierta, emp\u00e1tica y tolerante.&nbsp;<\/p>\n\n\n\n<blockquote class=\"wp-block-quote is-layout-flow wp-block-quote-is-layout-flow\"><p>\u201cEn este momento que enfrentamos enormes retos en el mundo, donde como sociedad necesitamos bienestar del cuerpo y bienestar econ\u00f3mico, tambi\u00e9n necesitamos bienestar del alma, y esta muestra es nuestra modesta contribuci\u00f3n a la felicidad del pueblo franc\u00e9s. Vengan a apreciar estos tesoros\u201d, concluy\u00f3.<\/p><\/blockquote>\n\n\n\n<p>El presidente del Museo del Quai Branly-Jacques Chirac, Emmanuel Kasarh\u00e9rou, se mostr\u00f3 entusiasmado de que esta relevante muestra refrende los lazos de cooperaci\u00f3n entre ambos pa\u00edses, y agradeci\u00f3 a M\u00e9xico por la \u201camistad y la oportunidad que nos han brindado de poder ofrecer al p\u00fablico europeo una peque\u00f1a parte de su inmensa y fascinante cultura\u201d.<\/p>\n\n\n\n<p>Por su parte, el director general del INAH, Diego Prieto Hern\u00e1ndez, expres\u00f3 que esta exposici\u00f3n es resultado de un esfuerzo conjunto de las instituciones culturales y representaciones diplom\u00e1ticas de M\u00e9xico y Francia, para que la cultura mexicana dialogue con el mundo, como lo ha instruido la secretaria de Cultura del Gobierno de M\u00e9xico, Alejandra Frausto Guerrero.&nbsp;<\/p>\n\n\n\n<p>\u201cHoy nos sentimos complacidos de traer a estas tierras una muestra de la enorme diversidad cultural de M\u00e9xico, que viene a sumarse a la vigorosa reciprocidad de ideas, t\u00e9cnicas y programas entre ambas naciones, que se ha entretejido desde el siglo XVIII, a trav\u00e9s de incontables incursiones de expertos, circulaci\u00f3n de publicaciones especializadas, exportaci\u00f3n de instrumentos e intercambios de cooperaci\u00f3n cultural, cient\u00edfica, acad\u00e9mica y t\u00e9cnica\u201d, agreg\u00f3 Diego Prieto Hern\u00e1ndez.<\/p>\n\n\n\n<p>Confi\u00f3 en que esta magna muestra ser\u00e1 disfrutada por sus visitantes, \u201ccon la certeza de que la cultura es una de las m\u00e1s poderosas herramientas para superar las crisis, incluso, para salir fortalecidos de una pandemia\u201d.<\/p>\n\n\n\n<p>Las secciones que componen la exposici\u00f3n son: La cultura olmeca y los logros de los sitios de San Lorenzo y La Venta; Las primeras formas de escritura y el uso del calendario de cuenta larga mesoamericano; Mujeres y hombres del Golfo. De la civilizaci\u00f3n olmeca a las culturas huastecas, 2,500 a\u00f1os de arte estatuario; Ofrendas e Influencias culturales en otras regiones de Mesoam\u00e9rica. A su vez, dedica un apartado al sitio huasteco de Tamtoc.<\/p>\n\n\n\n<p>En cada uno de estos apartados se pueden admirar obras maestras como la \u201cCabeza Colosal No. 4\u201d cuyo peso es de 4.5 toneladas y procede del sitio San Lorenzo-Tenochtitlan; \u201cEl Se\u00f1or de las limas\u201d, la \u201cOfrenda 4\u201d de La Venta, \u201cLa mujer escarificada\u201d de Tamtoc o el Monumento 1, mejor conocido como \u201cEl luchador\u201d; facilitadas por recintos como los museos Nacional de Antropolog\u00eda, el de Antropolog\u00eda de Xalapa, y el Regional de Antropolog\u00eda \u201cCarlos Pellicer C\u00e1mara\u201d de Tabasco.<\/p>\n","protected":false},"excerpt":{"rendered":"<p>Una veintena de acervos mexicanos cedieron, temporalmente, 300 piezas, entre ellas la \u201cCabeza Colosal no. 4\u201d y \u201cLa mujer escarificada\u201d Par\u00eds, Francia-&nbsp;&nbsp;M\u00e1s de 300 piezas que representan cerca de tres &hellip; <a href=\"https:\/\/lavereda.com.mx\/index.php\/2020\/10\/09\/la-cultura-olmeca-presente-en-francia\/\" class=\"more-link\">Leer m\u00e1s<\/a><\/p>\n","protected":false},"author":1,"featured_media":744,"comment_status":"open","ping_status":"open","sticky":false,"template":"","format":"standard","meta":{"footnotes":""},"categories":[3,18],"tags":[],"class_list":["post-743","post","type-post","status-publish","format-standard","has-post-thumbnail","hentry","category-artes-visuales","category-lomasrelevante","entry"],"_links":{"self":[{"href":"https:\/\/lavereda.com.mx\/index.php\/wp-json\/wp\/v2\/posts\/743","targetHints":{"allow":["GET"]}}],"collection":[{"href":"https:\/\/lavereda.com.mx\/index.php\/wp-json\/wp\/v2\/posts"}],"about":[{"href":"https:\/\/lavereda.com.mx\/index.php\/wp-json\/wp\/v2\/types\/post"}],"author":[{"embeddable":true,"href":"https:\/\/lavereda.com.mx\/index.php\/wp-json\/wp\/v2\/users\/1"}],"replies":[{"embeddable":true,"href":"https:\/\/lavereda.com.mx\/index.php\/wp-json\/wp\/v2\/comments?post=743"}],"version-history":[{"count":1,"href":"https:\/\/lavereda.com.mx\/index.php\/wp-json\/wp\/v2\/posts\/743\/revisions"}],"predecessor-version":[{"id":745,"href":"https:\/\/lavereda.com.mx\/index.php\/wp-json\/wp\/v2\/posts\/743\/revisions\/745"}],"wp:featuredmedia":[{"embeddable":true,"href":"https:\/\/lavereda.com.mx\/index.php\/wp-json\/wp\/v2\/media\/744"}],"wp:attachment":[{"href":"https:\/\/lavereda.com.mx\/index.php\/wp-json\/wp\/v2\/media?parent=743"}],"wp:term":[{"taxonomy":"category","embeddable":true,"href":"https:\/\/lavereda.com.mx\/index.php\/wp-json\/wp\/v2\/categories?post=743"},{"taxonomy":"post_tag","embeddable":true,"href":"https:\/\/lavereda.com.mx\/index.php\/wp-json\/wp\/v2\/tags?post=743"}],"curies":[{"name":"wp","href":"https:\/\/api.w.org\/{rel}","templated":true}]}}