{"id":7346,"date":"2025-12-09T23:46:26","date_gmt":"2025-12-09T23:46:26","guid":{"rendered":"https:\/\/lavereda.com.mx\/?p=7346"},"modified":"2025-12-09T23:46:27","modified_gmt":"2025-12-09T23:46:27","slug":"presentan-festival-de-egresados-de-la-escuela-municipal-de-danza-contemporanea","status":"publish","type":"post","link":"https:\/\/lavereda.com.mx\/index.php\/2025\/12\/09\/presentan-festival-de-egresados-de-la-escuela-municipal-de-danza-contemporanea\/","title":{"rendered":"Presentan festival de egresados de la Escuela Municipal de Danza Contempor\u00e1nea"},"content":{"rendered":"\n<p>Bailarines egresados de la Escuela Municipal de Danza Contempor\u00e1nea (Esdacont) participar\u00e1n en una funci\u00f3n especial este jueves 11 de diciembre a las 20:00 horas, en el Teatro Alfonso Garibay.<\/p>\n\n\n\n<p>Es el segundo festival de egresados titulado \u201cCentr\u00f3figa\u201d, inform\u00f3 el Instituto Municipal de Cultura y Educaci\u00f3n de Torre\u00f3n.<\/p>\n\n\n\n<p>En esta ocasi\u00f3n participan cinco int\u00e9rpretes provenientes de distintas generaciones: Anah\u00ed Galarza, Valeria de la Garza, Francisco Montoya, Carlos Emanuel Rosales y Gustavo Garc\u00eda.<\/p>\n\n\n\n<p>Cada uno de los solistas presentar\u00e1 una propuesta construida desde su libertad creativa y su propio lenguaje coreogr\u00e1fico, mostrando la danza como una profesi\u00f3n viva y en constante b\u00fasqueda.<\/p>\n\n\n\n<p>La intenci\u00f3n es que los asistentes puedan observar a los bailarines fuera del marco acad\u00e9mico, valorar su desempe\u00f1o t\u00e9cnico e interpretativo y reconocer la pertinencia del proyecto formativo de la ESDACONT.<\/p>\n\n\n\n<p>Por otra parte, este mi\u00e9rcoles 10 de diciembre en el Teatro Alfonso Garibay a las 20:00 horas, los alumnos de la generaci\u00f3n 2021\u20132025 presentar\u00e1n su examen esc\u00e9nico, posterior a la defensa de sus tesinas realizada el d\u00eda anterior.<\/p>\n\n\n\n<p>El programa incluir\u00e1 danzas grupales y solos interpretados por Samuel Aro\u00f1a, Valeria de la Garza, Daniela Rubio y Karime Lozano, en una funci\u00f3n abierta al p\u00fablico y evaluada por sinodales.<\/p>\n\n\n\n<p>La entrada a las dos funciones es gratuita.<\/p>\n","protected":false},"excerpt":{"rendered":"<p>Bailarines egresados de la Escuela Municipal de Danza Contempor\u00e1nea (Esdacont) participar\u00e1n en una funci\u00f3n especial este jueves 11 de diciembre a las 20:00 horas, en el Teatro Alfonso Garibay. Es &hellip; <a href=\"https:\/\/lavereda.com.mx\/index.php\/2025\/12\/09\/presentan-festival-de-egresados-de-la-escuela-municipal-de-danza-contemporanea\/\" class=\"more-link\">Leer m\u00e1s<\/a><\/p>\n","protected":false},"author":9,"featured_media":7347,"comment_status":"open","ping_status":"open","sticky":false,"template":"","format":"standard","meta":{"footnotes":""},"categories":[2],"tags":[140],"class_list":["post-7346","post","type-post","status-publish","format-standard","has-post-thumbnail","hentry","category-artes-escenicas","tag-danza-contemporanea","entry"],"_links":{"self":[{"href":"https:\/\/lavereda.com.mx\/index.php\/wp-json\/wp\/v2\/posts\/7346","targetHints":{"allow":["GET"]}}],"collection":[{"href":"https:\/\/lavereda.com.mx\/index.php\/wp-json\/wp\/v2\/posts"}],"about":[{"href":"https:\/\/lavereda.com.mx\/index.php\/wp-json\/wp\/v2\/types\/post"}],"author":[{"embeddable":true,"href":"https:\/\/lavereda.com.mx\/index.php\/wp-json\/wp\/v2\/users\/9"}],"replies":[{"embeddable":true,"href":"https:\/\/lavereda.com.mx\/index.php\/wp-json\/wp\/v2\/comments?post=7346"}],"version-history":[{"count":1,"href":"https:\/\/lavereda.com.mx\/index.php\/wp-json\/wp\/v2\/posts\/7346\/revisions"}],"predecessor-version":[{"id":7348,"href":"https:\/\/lavereda.com.mx\/index.php\/wp-json\/wp\/v2\/posts\/7346\/revisions\/7348"}],"wp:featuredmedia":[{"embeddable":true,"href":"https:\/\/lavereda.com.mx\/index.php\/wp-json\/wp\/v2\/media\/7347"}],"wp:attachment":[{"href":"https:\/\/lavereda.com.mx\/index.php\/wp-json\/wp\/v2\/media?parent=7346"}],"wp:term":[{"taxonomy":"category","embeddable":true,"href":"https:\/\/lavereda.com.mx\/index.php\/wp-json\/wp\/v2\/categories?post=7346"},{"taxonomy":"post_tag","embeddable":true,"href":"https:\/\/lavereda.com.mx\/index.php\/wp-json\/wp\/v2\/tags?post=7346"}],"curies":[{"name":"wp","href":"https:\/\/api.w.org\/{rel}","templated":true}]}}