{"id":7341,"date":"2025-12-09T00:43:03","date_gmt":"2025-12-09T00:43:03","guid":{"rendered":"https:\/\/lavereda.com.mx\/?p=7341"},"modified":"2025-12-09T00:43:03","modified_gmt":"2025-12-09T00:43:03","slug":"la-sinfonica-juvenil-de-torreon-presenta-musica-de-coppelia-y-el-cascanueces","status":"publish","type":"post","link":"https:\/\/lavereda.com.mx\/index.php\/2025\/12\/09\/la-sinfonica-juvenil-de-torreon-presenta-musica-de-coppelia-y-el-cascanueces\/","title":{"rendered":"La Sinf\u00f3nica Juvenil de Torre\u00f3n presenta m\u00fasica de Copp\u00e9lia y el Cascanueces"},"content":{"rendered":"\n<p>Est\u00e1 listo el cuarto concierto de temporada de la Orquesta Sinf\u00f3nica Juvenil de Torre\u00f3n (Osijut) con un programa dedicado a dos de las partituras m\u00e1s emblem\u00e1ticas del ballet cl\u00e1sico: Copp\u00e9lia de L\u00e9o Delibes y El Cascanueces de Piotr I. Tchaikovsky.<\/p>\n\n\n\n<p>El concierto se realizar\u00e1 el jueves 11 de diciembre de 2025, a las 20:00 horas en el Teatro Nazas, con entrada libre. Se contar\u00e1 con la participaci\u00f3n de los directores invitados Larissa Olivares y Rom\u00e1n Pav\u00f3n, quienes estar\u00e1n al frente del ensamble juvenil en cada una de las secciones del programa.<\/p>\n\n\n\n<p>La primera parte de la noche estar\u00e1 dedicada a selecciones de Copp\u00e9lia, una de las obras m\u00e1s reconocidas de Delibes, que incluye piezas como Pr\u00e9lude, Mazurka, Valse, Bol\u00e9ro y el Galop final. La batuta estar\u00e1 a cargo de Larissa Olivares.<\/p>\n\n\n\n<p>Tras un breve intermedio, la OSIJUT interpretar\u00e1 fragmentos de El Cascanueces, el c\u00e9lebre ballet navide\u00f1o de Tchaikovsky, con n\u00fameros como la Valse des fleurs y el Pas de Deux, bajo la direcci\u00f3n de Rom\u00e1n Pav\u00f3n.<\/p>\n\n\n\n<p>Con este concierto, la OSIJUT contin\u00faa acercando al p\u00fablico lagunero grandes obras del repertorio sinf\u00f3nico y ofreciendo un espacio de formaci\u00f3n art\u00edstica para las nuevas generaciones de m\u00fasicos.<\/p>\n\n\n\n<p>Actualmente la OSIJUT, conformada por m\u00e1s de 70 integrantes, brinda un espacio sano en el cual fortalecer el sentido de identidad y de pertenencia de sus integrantes, y en donde pueden aprender y compartir el arte de la m\u00fasica; as\u00ed contribuyendo a hacerlos mejores ciudadanos con valores como disciplina, trabajo en equipo, y apreciaci\u00f3n de la belleza de la m\u00fasica y del arte \u2013 todas estas cualidades y valores intr\u00ednsecos al trabajo de una orquesta sinf\u00f3nica.<\/p>\n\n\n\n<p><\/p>\n\n\n\n<figure class=\"wp-block-image size-large is-resized\"><img fetchpriority=\"high\" decoding=\"async\" width=\"1024\" height=\"1024\" src=\"https:\/\/lavereda.com.mx\/wp-content\/uploads\/2025\/12\/WhatsApp-Image-2025-12-01-at-12.47.04-PM-1024x1024.jpeg\" alt=\"\" class=\"wp-image-7343\" style=\"width:428px;height:auto\" srcset=\"https:\/\/lavereda.com.mx\/wp-content\/uploads\/2025\/12\/WhatsApp-Image-2025-12-01-at-12.47.04-PM-1024x1024.jpeg 1024w, https:\/\/lavereda.com.mx\/wp-content\/uploads\/2025\/12\/WhatsApp-Image-2025-12-01-at-12.47.04-PM-300x300.jpeg 300w, https:\/\/lavereda.com.mx\/wp-content\/uploads\/2025\/12\/WhatsApp-Image-2025-12-01-at-12.47.04-PM-150x150.jpeg 150w, https:\/\/lavereda.com.mx\/wp-content\/uploads\/2025\/12\/WhatsApp-Image-2025-12-01-at-12.47.04-PM-768x768.jpeg 768w, https:\/\/lavereda.com.mx\/wp-content\/uploads\/2025\/12\/WhatsApp-Image-2025-12-01-at-12.47.04-PM.jpeg 1200w\" sizes=\"(max-width: 1024px) 100vw, 1024px\" \/><\/figure>\n\n\n\n<p><\/p>\n","protected":false},"excerpt":{"rendered":"<p>Est\u00e1 listo el cuarto concierto de temporada de la Orquesta Sinf\u00f3nica Juvenil de Torre\u00f3n (Osijut) con un programa dedicado a dos de las partituras m\u00e1s emblem\u00e1ticas del ballet cl\u00e1sico: Copp\u00e9lia &hellip; <a href=\"https:\/\/lavereda.com.mx\/index.php\/2025\/12\/09\/la-sinfonica-juvenil-de-torreon-presenta-musica-de-coppelia-y-el-cascanueces\/\" class=\"more-link\">Leer m\u00e1s<\/a><\/p>\n","protected":false},"author":1,"featured_media":7342,"comment_status":"open","ping_status":"open","sticky":false,"template":"","format":"standard","meta":{"footnotes":""},"categories":[4],"tags":[195,237],"class_list":["post-7341","post","type-post","status-publish","format-standard","has-post-thumbnail","hentry","category-musica","tag-el-cascanueces","tag-osijut","entry"],"_links":{"self":[{"href":"https:\/\/lavereda.com.mx\/index.php\/wp-json\/wp\/v2\/posts\/7341","targetHints":{"allow":["GET"]}}],"collection":[{"href":"https:\/\/lavereda.com.mx\/index.php\/wp-json\/wp\/v2\/posts"}],"about":[{"href":"https:\/\/lavereda.com.mx\/index.php\/wp-json\/wp\/v2\/types\/post"}],"author":[{"embeddable":true,"href":"https:\/\/lavereda.com.mx\/index.php\/wp-json\/wp\/v2\/users\/1"}],"replies":[{"embeddable":true,"href":"https:\/\/lavereda.com.mx\/index.php\/wp-json\/wp\/v2\/comments?post=7341"}],"version-history":[{"count":1,"href":"https:\/\/lavereda.com.mx\/index.php\/wp-json\/wp\/v2\/posts\/7341\/revisions"}],"predecessor-version":[{"id":7344,"href":"https:\/\/lavereda.com.mx\/index.php\/wp-json\/wp\/v2\/posts\/7341\/revisions\/7344"}],"wp:featuredmedia":[{"embeddable":true,"href":"https:\/\/lavereda.com.mx\/index.php\/wp-json\/wp\/v2\/media\/7342"}],"wp:attachment":[{"href":"https:\/\/lavereda.com.mx\/index.php\/wp-json\/wp\/v2\/media?parent=7341"}],"wp:term":[{"taxonomy":"category","embeddable":true,"href":"https:\/\/lavereda.com.mx\/index.php\/wp-json\/wp\/v2\/categories?post=7341"},{"taxonomy":"post_tag","embeddable":true,"href":"https:\/\/lavereda.com.mx\/index.php\/wp-json\/wp\/v2\/tags?post=7341"}],"curies":[{"name":"wp","href":"https:\/\/api.w.org\/{rel}","templated":true}]}}