{"id":7326,"date":"2025-12-04T02:08:51","date_gmt":"2025-12-04T02:08:51","guid":{"rendered":"https:\/\/lavereda.com.mx\/?p=7326"},"modified":"2025-12-04T02:30:16","modified_gmt":"2025-12-04T02:30:16","slug":"la-fil-guadalajara-y-netflix-rescatan-la-voz-de-las-mujeres-en-la-pantalla","status":"publish","type":"post","link":"https:\/\/lavereda.com.mx\/index.php\/2025\/12\/04\/la-fil-guadalajara-y-netflix-rescatan-la-voz-de-las-mujeres-en-la-pantalla\/","title":{"rendered":"La FIL Guadalajara y Netflix rescatan la voz de las mujeres en la pantalla"},"content":{"rendered":"\n<p>La Feria Internacional del Libro de Guadalajara present\u00f3 en conjunto con Netflix el panel \u201cDel libro a la pantalla: voz y agencia de las mujeres\u201d, con la participaci\u00f3n de reconocidas productoras y guionistas de cine y televisi\u00f3n.<\/p>\n\n\n\n<p>Se presentaron los proyectos de tres importantes series que se transmiten en Netflix M\u00e9xico con gran \u00e9xito: \u201cMal de amores\u201d, \u201cLas muertas\u201d y \u201cNadie nos vio partir\u201d, inspiradas en novelas de autores como Jorge Ibarg\u00fcengoitia y \u00c1ngeles Mastreta.<\/p>\n\n\n\n<p>La moderadora del panel Ana Laura Rasc\u00f3n coment\u00f3 estas series con personajes protagonistas femeninos tienen en com\u00fan que todas ellas desobedecen, que tienen un espacio propio, objetivos y son imperfectas.<\/p>\n\n\n\n<p>Dijo que ha existe un gran avance pero a\u00fan hay una brecha de g\u00e9nero en las historias.<\/p>\n\n\n\n<p>La productora M\u00f3nica Lozano dijo que \u201csiempre me han preguntado si podemos desde las producciones cuestionar los roles de g\u00e9nero. No es en autom\u00e1tico que se den los cambios\u201d.<\/p>\n\n\n\n<p>Comparti\u00f3 que hay un universo de mujeres escritoras que nos entregan personajes de carne y hueso con mucho potencial de convertirse en pel\u00edculas o series.<\/p>\n\n\n\n<p>\u201cNetflix est\u00e1 permitiendo que hagamos esto, en el cine no pod\u00edamos lo ten\u00edamos que interrumpir\u201d.<\/p>\n\n\n\n<p>Las creadoras afirmaron que estas historias son conflictos humanos que le impactan a todos, que antes no hab\u00eda lugar para que las mujeres se manifestaran, hoy mismo hay voces que las se silencian.<\/p>\n\n\n\n<figure class=\"wp-block-image size-large is-resized\"><img fetchpriority=\"high\" decoding=\"async\" width=\"1024\" height=\"768\" src=\"https:\/\/lavereda.com.mx\/wp-content\/uploads\/2025\/12\/WhatsApp-Image-2025-12-03-at-8.04.04-PM-1-1024x768.jpeg\" alt=\"\" class=\"wp-image-7328\" style=\"width:476px;height:auto\" srcset=\"https:\/\/lavereda.com.mx\/wp-content\/uploads\/2025\/12\/WhatsApp-Image-2025-12-03-at-8.04.04-PM-1-1024x768.jpeg 1024w, https:\/\/lavereda.com.mx\/wp-content\/uploads\/2025\/12\/WhatsApp-Image-2025-12-03-at-8.04.04-PM-1-300x225.jpeg 300w, https:\/\/lavereda.com.mx\/wp-content\/uploads\/2025\/12\/WhatsApp-Image-2025-12-03-at-8.04.04-PM-1-768x576.jpeg 768w, https:\/\/lavereda.com.mx\/wp-content\/uploads\/2025\/12\/WhatsApp-Image-2025-12-03-at-8.04.04-PM-1-1536x1152.jpeg 1536w, https:\/\/lavereda.com.mx\/wp-content\/uploads\/2025\/12\/WhatsApp-Image-2025-12-03-at-8.04.04-PM-1.jpeg 1600w\" sizes=\"(max-width: 1024px) 100vw, 1024px\" \/><\/figure>\n\n\n\n<p><\/p>\n\n\n\n<p><strong>SERIES INSPIRADORAS<\/strong><\/p>\n\n\n\n<p>En el panel se habl\u00f3 de la serie \u201cLas muertas\u201d, inspirada en la novela hom\u00f3nima de Jorge Ibarg\u00fcengoitia, en la que se habla de las hermanas \u201cPoquianchis\u201d.<\/p>\n\n\n\n<p>\u00abEllas se vieron enterradas en un imaginario p\u00fablico, se habl\u00f3 de que eran sustancias, pero Ibarg\u00fcengoitia las vuelve humanas. Intentamos ser fieles a su mirada, incluso a su humor\u201d, dijo la productora Sandra Solares.<\/p>\n\n\n\n<p>\u201cMal de amores\u201d que est\u00e1 por estrenarse en Netflix, est\u00e1 basada en la historia escrita por \u00c1ngeles Mastreta y la adaptaci\u00f3n la hizo su hija.<\/p>\n\n\n\n<p>\u201cElla es una autora adelantada a su tiempo. La historia habla de una mujer que es actual en la \u00e9poca de la revoluci\u00f3n. Una mujer que desea a dos hombres, de manera distinta, una mujer dividida y que no pide nunca perd\u00f3n\u201d, comparti\u00f3 la guionista Fernanda Eguiarte.<\/p>\n","protected":false},"excerpt":{"rendered":"<p>La Feria Internacional del Libro de Guadalajara present\u00f3 en conjunto con Netflix el panel \u201cDel libro a la pantalla: voz y agencia de las mujeres\u201d, con la participaci\u00f3n de reconocidas &hellip; <a href=\"https:\/\/lavereda.com.mx\/index.php\/2025\/12\/04\/la-fil-guadalajara-y-netflix-rescatan-la-voz-de-las-mujeres-en-la-pantalla\/\" class=\"more-link\">Leer m\u00e1s<\/a><\/p>\n","protected":false},"author":9,"featured_media":7329,"comment_status":"open","ping_status":"open","sticky":false,"template":"","format":"standard","meta":{"footnotes":""},"categories":[6,18],"tags":[],"class_list":["post-7326","post","type-post","status-publish","format-standard","has-post-thumbnail","hentry","category-cinetv","category-lomasrelevante","entry"],"_links":{"self":[{"href":"https:\/\/lavereda.com.mx\/index.php\/wp-json\/wp\/v2\/posts\/7326","targetHints":{"allow":["GET"]}}],"collection":[{"href":"https:\/\/lavereda.com.mx\/index.php\/wp-json\/wp\/v2\/posts"}],"about":[{"href":"https:\/\/lavereda.com.mx\/index.php\/wp-json\/wp\/v2\/types\/post"}],"author":[{"embeddable":true,"href":"https:\/\/lavereda.com.mx\/index.php\/wp-json\/wp\/v2\/users\/9"}],"replies":[{"embeddable":true,"href":"https:\/\/lavereda.com.mx\/index.php\/wp-json\/wp\/v2\/comments?post=7326"}],"version-history":[{"count":2,"href":"https:\/\/lavereda.com.mx\/index.php\/wp-json\/wp\/v2\/posts\/7326\/revisions"}],"predecessor-version":[{"id":7330,"href":"https:\/\/lavereda.com.mx\/index.php\/wp-json\/wp\/v2\/posts\/7326\/revisions\/7330"}],"wp:featuredmedia":[{"embeddable":true,"href":"https:\/\/lavereda.com.mx\/index.php\/wp-json\/wp\/v2\/media\/7329"}],"wp:attachment":[{"href":"https:\/\/lavereda.com.mx\/index.php\/wp-json\/wp\/v2\/media?parent=7326"}],"wp:term":[{"taxonomy":"category","embeddable":true,"href":"https:\/\/lavereda.com.mx\/index.php\/wp-json\/wp\/v2\/categories?post=7326"},{"taxonomy":"post_tag","embeddable":true,"href":"https:\/\/lavereda.com.mx\/index.php\/wp-json\/wp\/v2\/tags?post=7326"}],"curies":[{"name":"wp","href":"https:\/\/api.w.org\/{rel}","templated":true}]}}