{"id":7312,"date":"2025-11-28T00:04:04","date_gmt":"2025-11-28T00:04:04","guid":{"rendered":"https:\/\/lavereda.com.mx\/?p=7312"},"modified":"2025-11-28T00:04:33","modified_gmt":"2025-11-28T00:04:33","slug":"preparan-subasta-de-obras-de-artistas-laguneros","status":"publish","type":"post","link":"https:\/\/lavereda.com.mx\/index.php\/2025\/11\/28\/preparan-subasta-de-obras-de-artistas-laguneros\/","title":{"rendered":"Preparan subasta de obras de artistas laguneros"},"content":{"rendered":"\n<p>El Centro de Artes del Norte (CAN) anuncia la Subasta 2025, un evento que re\u00fane a m\u00e1s de 25 artistas de la regi\u00f3n y que busca fortalecer la pr\u00e1ctica del coleccionismo local como una v\u00eda esencial para el desarrollo cultural, creativo y econ\u00f3mico de la Comarca.<br><br>La entrada ser\u00e1 gratuita, con el objetivo de abrir las puertas a todo p\u00fablico interesado en conocer y acercarse al arte de la regi\u00f3n.<\/p>\n\n\n\n<p>La subasta se llevar\u00e1 a cabo el 5 de diciembre en Casa La Morelos (Av. Morelos 1340 Pte.), a partir de las 5:00 pm, momento en que se abrir\u00e1n las puertas de la galer\u00eda para que los asistentes puedan recorrer la muestra previa.<\/p>\n\n\n\n<p>Se contar\u00e1 con la participaci\u00f3n de varios DJs invitados, que acompa\u00f1ar\u00e1n la jornada con m\u00fasica y un ambiente propicio para la convivencia y el di\u00e1logo alrededor del arte.<\/p>\n\n\n\n<p><strong>Impulsar el coleccionismo<\/strong><\/p>\n\n\n\n<p>La directora del Centro de Artes del Norte, Susana Nava de la Torre, coment\u00f3 que se busca generar espacios donde el p\u00fablico pueda adquirir obra original a precios accesibles, promoviendo as\u00ed el coleccionismo emergente y la valoraci\u00f3n del trabajo de artistas locales.<\/p>\n\n\n\n<p>Dijo que estas din\u00e1micas no solo facilitan la circulaci\u00f3n de obra, sino que tambi\u00e9n contribuyen a la conformaci\u00f3n de un ecosistema art\u00edstico m\u00e1s s\u00f3lido, donde creadores, instituciones y p\u00fablicos se relacionan de nuevas maneras.<\/p>\n\n\n\n<p>Subray\u00f3 que este tipo de ejercicios son fundamentales para el desarrollo art\u00edstico regional. Para ella, la subasta representa una plataforma que impulsa tanto la visibilidad de los artistas como el crecimiento del coleccionismo, fortaleciendo los v\u00ednculos entre la comunidad y su producci\u00f3n cultural.<\/p>\n\n\n\n<p>Las obras participantes abarcan diversas disciplinas: pintura, escultura, fotograf\u00eda, bordado, libros de artista y piezas in\u00e9ditas, as\u00ed como trabajos que han sido expuestos y premiados en distintas convocatorias. Los precios de salida se han organizado en tres categor\u00edas accesibles:<br>$1,000, $3,000 y $8,000.<\/p>\n\n\n\n<p>La paleta de participaci\u00f3n tiene un costo de $250, que incluye una bebida y el cat\u00e1logo digital. Este monto se reembolsa en compras de $2,000 o m\u00e1s.<\/p>\n\n\n\n<p><\/p>\n\n\n\n<figure class=\"wp-block-image size-full is-resized\"><img fetchpriority=\"high\" decoding=\"async\" width=\"470\" height=\"800\" src=\"https:\/\/lavereda.com.mx\/wp-content\/uploads\/2025\/11\/2019-Descolgado-Miguel-Sifuentes.jpg\" alt=\"\" class=\"wp-image-7314\" style=\"width:417px;height:auto\" srcset=\"https:\/\/lavereda.com.mx\/wp-content\/uploads\/2025\/11\/2019-Descolgado-Miguel-Sifuentes.jpg 470w, https:\/\/lavereda.com.mx\/wp-content\/uploads\/2025\/11\/2019-Descolgado-Miguel-Sifuentes-176x300.jpg 176w\" sizes=\"(max-width: 470px) 100vw, 470px\" \/><\/figure>\n\n\n\n<p><\/p>\n\n\n\n<p><strong>Artistas participantes<\/strong><\/p>\n\n\n\n<p>Entre los creadores que forman parte de la Subasta 2025 se encuentran:<br>Brenda V. Castro, Antonio Casta\u00f1eda, Rom\u00e1n Egu\u00eda, Alfredo Esparza, Cesar Fabela, Eduardo Flores, Chacho Grijalva, Patricia Hern\u00e1ndez, Mart\u00edn Estrada, Perla Mata Chairez, Clara Meraz, Cristopher Montelongo, Patricia G. Santiago, SAFOS, Jes\u00fas Soto \u2026adem\u00e1s de otros artistas destacados de la regi\u00f3n.<\/p>\n\n\n\n<figure class=\"wp-block-image size-full is-resized\"><img decoding=\"async\" width=\"640\" height=\"800\" src=\"https:\/\/lavereda.com.mx\/wp-content\/uploads\/2025\/11\/SUBASTA_Mesa-de-trabajo-1-3.png\" alt=\"\" class=\"wp-image-7315\" style=\"width:421px;height:auto\" srcset=\"https:\/\/lavereda.com.mx\/wp-content\/uploads\/2025\/11\/SUBASTA_Mesa-de-trabajo-1-3.png 640w, https:\/\/lavereda.com.mx\/wp-content\/uploads\/2025\/11\/SUBASTA_Mesa-de-trabajo-1-3-240x300.png 240w\" sizes=\"(max-width: 640px) 100vw, 640px\" \/><\/figure>\n","protected":false},"excerpt":{"rendered":"<p>El Centro de Artes del Norte (CAN) anuncia la Subasta 2025, un evento que re\u00fane a m\u00e1s de 25 artistas de la regi\u00f3n y que busca fortalecer la pr\u00e1ctica del &hellip; <a href=\"https:\/\/lavereda.com.mx\/index.php\/2025\/11\/28\/preparan-subasta-de-obras-de-artistas-laguneros\/\" class=\"more-link\">Leer m\u00e1s<\/a><\/p>\n","protected":false},"author":9,"featured_media":7313,"comment_status":"open","ping_status":"open","sticky":false,"template":"","format":"standard","meta":{"footnotes":""},"categories":[3],"tags":[118,270,33],"class_list":["post-7312","post","type-post","status-publish","format-standard","has-post-thumbnail","hentry","category-artes-visuales","tag-artes-visuales","tag-centro-de-artes-del-norte","tag-torreon-2","entry"],"_links":{"self":[{"href":"https:\/\/lavereda.com.mx\/index.php\/wp-json\/wp\/v2\/posts\/7312","targetHints":{"allow":["GET"]}}],"collection":[{"href":"https:\/\/lavereda.com.mx\/index.php\/wp-json\/wp\/v2\/posts"}],"about":[{"href":"https:\/\/lavereda.com.mx\/index.php\/wp-json\/wp\/v2\/types\/post"}],"author":[{"embeddable":true,"href":"https:\/\/lavereda.com.mx\/index.php\/wp-json\/wp\/v2\/users\/9"}],"replies":[{"embeddable":true,"href":"https:\/\/lavereda.com.mx\/index.php\/wp-json\/wp\/v2\/comments?post=7312"}],"version-history":[{"count":2,"href":"https:\/\/lavereda.com.mx\/index.php\/wp-json\/wp\/v2\/posts\/7312\/revisions"}],"predecessor-version":[{"id":7317,"href":"https:\/\/lavereda.com.mx\/index.php\/wp-json\/wp\/v2\/posts\/7312\/revisions\/7317"}],"wp:featuredmedia":[{"embeddable":true,"href":"https:\/\/lavereda.com.mx\/index.php\/wp-json\/wp\/v2\/media\/7313"}],"wp:attachment":[{"href":"https:\/\/lavereda.com.mx\/index.php\/wp-json\/wp\/v2\/media?parent=7312"}],"wp:term":[{"taxonomy":"category","embeddable":true,"href":"https:\/\/lavereda.com.mx\/index.php\/wp-json\/wp\/v2\/categories?post=7312"},{"taxonomy":"post_tag","embeddable":true,"href":"https:\/\/lavereda.com.mx\/index.php\/wp-json\/wp\/v2\/tags?post=7312"}],"curies":[{"name":"wp","href":"https:\/\/api.w.org\/{rel}","templated":true}]}}