{"id":7306,"date":"2025-11-26T02:06:45","date_gmt":"2025-11-26T02:06:45","guid":{"rendered":"https:\/\/lavereda.com.mx\/?p=7306"},"modified":"2025-11-26T02:08:37","modified_gmt":"2025-11-26T02:08:37","slug":"invitan-al-cierre-del-festival-de-musica-de-camara","status":"publish","type":"post","link":"https:\/\/lavereda.com.mx\/index.php\/2025\/11\/26\/invitan-al-cierre-del-festival-de-musica-de-camara\/","title":{"rendered":"Invitan al cierre del Festival de M\u00fasica de C\u00e1mara"},"content":{"rendered":"\n<p>El Teatro Isauro Mart\u00ednez (TIM), en colaboraci\u00f3n con el Instituto Municipal de Cultura y Educaci\u00f3n (IMCE), anunci\u00f3 diversas actividades culturales para este cierre de a\u00f1o.<br><br>Para marcar el cierre del Festival de M\u00fasica de C\u00e1mara, se realizar\u00e1 un recital a cargo del pianista Th\u00e9o Fouchenneret y el violinista Alexandre Pascal el viernes 28 de noviembre, a las 20:00 p.m., en el Teatro Isauro Mart\u00ednez.<br><br>El concierto ofrecer\u00e1 un programa integrado por obras de Schumann, Korngold, Manuel de Falla, Charlotte Sohy y C\u00e9sar Franck.Tambi\u00e9n se inform\u00f3 que la temporada de transmisiones de la \u00d3pera del MET de Nueva York llega a su fin con Andrea Ch\u00e9nier, de Umberto Giordano.<\/p>\n\n\n\n<p>La m\u00e1s grande de las tragedias de Umberto Giordano se apoya en las actuaciones cautivadoras de sus protagonistas, con un lienzo musical tan amplio como efectivo, ambientada en Par\u00eds, en medio del drama y la agitaci\u00f3n de la Revoluci\u00f3n Francesa.<br>Esta \u00faltima transmisi\u00f3n se proyectar\u00e1 este s\u00e1bado 20 de diciembre, a las 12:00 horas, en el Teatro Isauro Mart\u00ednez.<\/p>\n\n\n\n<h4 class=\"wp-block-heading\">ENTREGAN PREMIO<br><\/h4>\n\n\n\n<p>El pr\u00f3ximo 10 de diciembre, en punto de las 12:00 horas, el Teatro Isauro Mart\u00ednez ser\u00e1 sede de la ceremonia del 45\u00b0 Premio Bellas Artes Perla Szuchmacher 2025 de Obra de Teatro para Ni\u00f1as, Ni\u00f1os y J\u00f3venes.<\/p>\n\n\n\n<p>Este premio es resultado del trabajo conjunto de la Secretar\u00eda de Cultura del Gobierno de M\u00e9xico y el Instituto Nacional de Bellas Artes y Literatura (INBAL), a trav\u00e9s de la Coordinaci\u00f3n Nacional de Literatura (CNL), y el Municipio de Torre\u00f3n, mediante el Instituto Municipal de Cultura y Educaci\u00f3n de Torre\u00f3n y el Patronato del Teatro Isauro Mart\u00ednez.<\/p>\n\n\n\n<p>La persona ganadora recibir\u00e1 un diploma y $200,000.00 (doscientos mil pesos), que se aportar\u00e1n de la siguiente manera: INBAL ($100,000.00), Instituto Municipal de Cultura y Educaci\u00f3n de Torre\u00f3n ($50,000.00) y Patronato del Teatro Isauro Mart\u00ednez ($50,000.00).<\/p>\n\n\n\n<p>El Premio Bellas Artes de Obra de Teatro para Ni\u00f1as, Ni\u00f1os y J\u00f3venes Perla Szuchmacher se instaur\u00f3 para reconocer y estimular la creaci\u00f3n de dramaturgias dirigidas a las infancias y juventudes de M\u00e9xico, fomentar nuevos p\u00fablicos y fortalecer la escena teatral.<br><\/p>\n","protected":false},"excerpt":{"rendered":"<p>El Teatro Isauro Mart\u00ednez (TIM), en colaboraci\u00f3n con el Instituto Municipal de Cultura y Educaci\u00f3n (IMCE), anunci\u00f3 diversas actividades culturales para este cierre de a\u00f1o. Para marcar el cierre del &hellip; <a href=\"https:\/\/lavereda.com.mx\/index.php\/2025\/11\/26\/invitan-al-cierre-del-festival-de-musica-de-camara\/\" class=\"more-link\">Leer m\u00e1s<\/a><\/p>\n","protected":false},"author":9,"featured_media":7308,"comment_status":"open","ping_status":"open","sticky":false,"template":"","format":"standard","meta":{"footnotes":""},"categories":[2],"tags":[101],"class_list":["post-7306","post","type-post","status-publish","format-standard","has-post-thumbnail","hentry","category-artes-escenicas","tag-teatro-isauro-martinez","entry"],"_links":{"self":[{"href":"https:\/\/lavereda.com.mx\/index.php\/wp-json\/wp\/v2\/posts\/7306","targetHints":{"allow":["GET"]}}],"collection":[{"href":"https:\/\/lavereda.com.mx\/index.php\/wp-json\/wp\/v2\/posts"}],"about":[{"href":"https:\/\/lavereda.com.mx\/index.php\/wp-json\/wp\/v2\/types\/post"}],"author":[{"embeddable":true,"href":"https:\/\/lavereda.com.mx\/index.php\/wp-json\/wp\/v2\/users\/9"}],"replies":[{"embeddable":true,"href":"https:\/\/lavereda.com.mx\/index.php\/wp-json\/wp\/v2\/comments?post=7306"}],"version-history":[{"count":4,"href":"https:\/\/lavereda.com.mx\/index.php\/wp-json\/wp\/v2\/posts\/7306\/revisions"}],"predecessor-version":[{"id":7311,"href":"https:\/\/lavereda.com.mx\/index.php\/wp-json\/wp\/v2\/posts\/7306\/revisions\/7311"}],"wp:featuredmedia":[{"embeddable":true,"href":"https:\/\/lavereda.com.mx\/index.php\/wp-json\/wp\/v2\/media\/7308"}],"wp:attachment":[{"href":"https:\/\/lavereda.com.mx\/index.php\/wp-json\/wp\/v2\/media?parent=7306"}],"wp:term":[{"taxonomy":"category","embeddable":true,"href":"https:\/\/lavereda.com.mx\/index.php\/wp-json\/wp\/v2\/categories?post=7306"},{"taxonomy":"post_tag","embeddable":true,"href":"https:\/\/lavereda.com.mx\/index.php\/wp-json\/wp\/v2\/tags?post=7306"}],"curies":[{"name":"wp","href":"https:\/\/api.w.org\/{rel}","templated":true}]}}