{"id":7295,"date":"2025-11-20T01:23:02","date_gmt":"2025-11-20T01:23:02","guid":{"rendered":"https:\/\/lavereda.com.mx\/?p=7295"},"modified":"2025-11-20T01:23:03","modified_gmt":"2025-11-20T01:23:03","slug":"camerata-de-coahuila-presenta-naturaleza-y-nostalgia","status":"publish","type":"post","link":"https:\/\/lavereda.com.mx\/index.php\/2025\/11\/20\/camerata-de-coahuila-presenta-naturaleza-y-nostalgia\/","title":{"rendered":"Camerata de Coahuila presenta \u00abNaturaleza y Nostalgia\u00bb"},"content":{"rendered":"\n<p>Camerata de Coahuila presenta su sexto concierto de la Temporada Oto\u00f1o-Invierno 2025, titulado \u201cNaturaleza y Nostalgia\u201d. Este concierto contar\u00e1 con participaci\u00f3n del Coro del Instituto de M\u00fasica de Coahuila y ofrecer\u00e1 dos presentaciones, bajo la direcci\u00f3n del maestro Ethan Eager.<\/p>\n\n\n\n<p>La primera este viernes 21 de noviembre en punto de las 20:30 horas, la segunda este domingo 23 de noviembre a las 12:00 horas, en el Teatro Isauro Mart\u00ednez.<\/p>\n\n\n\n<p><br>El programa incluir\u00e1 la obra \u201cDesde las tierras altas de Baviera\u201d Op.27. de Edvard Elgar, con participaci\u00f3n del Coro del Instituto de M\u00fasica de Coahuila, bajo la direcci\u00f3n de la Maestra Luz Alicia \u00c1vila y Sinfon\u00eda No. 8 en Sol Mayor, Op.88 de Anton\u00edn Dvo\u0159\u00e1k.<\/p>\n\n\n\n<p>A pesar de su prol\u00edfica creatividad durante toda su vida, Elgar siempre encontraba tiempo para disfrutar de la buena vida, y Baviera era su lugar predilecto. El encanto y la cordialidad del estado alem\u00e1n de preguerra inspiraron al compositor, quien en colaboraci\u00f3n con su esposa, compuso este cautivador conjunto coral de seis Escenas de las Tierras Altas de Baviera en 1895. Cada n\u00famero estaba basado en un poema diferente, escrito por Alice, la esposa de Elgar. Las canciones tienen como subt\u00edtulo los lugares favoritos visitados durante sus vacaciones en el sur de Alemania. La obra se estren\u00f3 en un concierto de la Sociedad Coral del Festival de Worcester en abril de 1896, bajo la direcci\u00f3n del compositor.<\/p>\n\n\n\n<p>La octava sinfon\u00eda de Dvo\u0159\u00e1k es considerada por muchos como la mejor de sus nueve obras. Al momento de su composici\u00f3n, afirm\u00f3 que deseaba \u00abescribir una obra diferente a mis otras sinfon\u00edas, con ideas individuales desarrolladas de una manera novedosa\u00bb, y sin duda lo logr\u00f3. Esta sinfon\u00eda se inspira en canciones y danzas folcl\u00f3ricas de su patria, est\u00e1 escrita en forma cl\u00e1sica, pero de una manera bastante libre. El uso de la armon\u00eda y la melod\u00eda se aparta de los modelos anteriores creando una obra de gran originalidad.<\/p>\n\n\n\n<p><\/p>\n","protected":false},"excerpt":{"rendered":"<p>Camerata de Coahuila presenta su sexto concierto de la Temporada Oto\u00f1o-Invierno 2025, titulado \u201cNaturaleza y Nostalgia\u201d. Este concierto contar\u00e1 con participaci\u00f3n del Coro del Instituto de M\u00fasica de Coahuila y &hellip; <a href=\"https:\/\/lavereda.com.mx\/index.php\/2025\/11\/20\/camerata-de-coahuila-presenta-naturaleza-y-nostalgia\/\" class=\"more-link\">Leer m\u00e1s<\/a><\/p>\n","protected":false},"author":9,"featured_media":7296,"comment_status":"open","ping_status":"open","sticky":false,"template":"","format":"standard","meta":{"footnotes":""},"categories":[4],"tags":[],"class_list":["post-7295","post","type-post","status-publish","format-standard","has-post-thumbnail","hentry","category-musica","entry"],"_links":{"self":[{"href":"https:\/\/lavereda.com.mx\/index.php\/wp-json\/wp\/v2\/posts\/7295","targetHints":{"allow":["GET"]}}],"collection":[{"href":"https:\/\/lavereda.com.mx\/index.php\/wp-json\/wp\/v2\/posts"}],"about":[{"href":"https:\/\/lavereda.com.mx\/index.php\/wp-json\/wp\/v2\/types\/post"}],"author":[{"embeddable":true,"href":"https:\/\/lavereda.com.mx\/index.php\/wp-json\/wp\/v2\/users\/9"}],"replies":[{"embeddable":true,"href":"https:\/\/lavereda.com.mx\/index.php\/wp-json\/wp\/v2\/comments?post=7295"}],"version-history":[{"count":1,"href":"https:\/\/lavereda.com.mx\/index.php\/wp-json\/wp\/v2\/posts\/7295\/revisions"}],"predecessor-version":[{"id":7297,"href":"https:\/\/lavereda.com.mx\/index.php\/wp-json\/wp\/v2\/posts\/7295\/revisions\/7297"}],"wp:featuredmedia":[{"embeddable":true,"href":"https:\/\/lavereda.com.mx\/index.php\/wp-json\/wp\/v2\/media\/7296"}],"wp:attachment":[{"href":"https:\/\/lavereda.com.mx\/index.php\/wp-json\/wp\/v2\/media?parent=7295"}],"wp:term":[{"taxonomy":"category","embeddable":true,"href":"https:\/\/lavereda.com.mx\/index.php\/wp-json\/wp\/v2\/categories?post=7295"},{"taxonomy":"post_tag","embeddable":true,"href":"https:\/\/lavereda.com.mx\/index.php\/wp-json\/wp\/v2\/tags?post=7295"}],"curies":[{"name":"wp","href":"https:\/\/api.w.org\/{rel}","templated":true}]}}