{"id":729,"date":"2020-10-07T02:15:06","date_gmt":"2020-10-07T02:15:06","guid":{"rendered":"http:\/\/lavereda.com.mx\/?p=729"},"modified":"2020-10-07T02:16:17","modified_gmt":"2020-10-07T02:16:17","slug":"solicitan-la-apertura-de-espacios-escenicos","status":"publish","type":"post","link":"https:\/\/lavereda.com.mx\/index.php\/2020\/10\/07\/solicitan-la-apertura-de-espacios-escenicos\/","title":{"rendered":"Solicitan la apertura de espacios esc\u00e9nicos"},"content":{"rendered":"\n<ul class=\"wp-block-list\"><li><strong><em>Presentan protocolo y buscan que el primer evento sea la Muestra Estatal de Teatro, del 20 al 25 de Octubre, en Torre\u00f3n.<\/em><\/strong><\/li><\/ul>\n\n\n\n<p>La Secretar\u00eda de Cultura del Estado solicit\u00f3 ante el Subcomit\u00e9 T\u00e9cnico Regional Covid-19 Laguna la apertura de espacios esc\u00e9nicos en Coahuila.<\/p>\n\n\n\n<p>La dependencia expuso que tras la pandemia por el coronavirus, uno de los grupos que se ha visto afectado es el de la comunidad art\u00edstica.<\/p>\n\n\n\n<p>Por tal motivo pide a los Subcomit\u00e9s Regionales de todo e estado su respaldo para abrir los espacios esc\u00e9nicos, como son teatros, foros, auditorios y espacios no convencionales, para lo que present\u00f3 un protocolo.<\/p>\n\n\n\n<p>La titular, Ana Sof\u00eda Garc\u00eda Camil, estableci\u00f3 que esto ha afectado a los artistas y actores, pues han dejado de hacer temporadas de teatro, entre otras actividades.<\/p>\n\n\n\n<p>Por lo que plante\u00f3 que una vez que los indicadores lo permitan, ir liberando estos espacios.<\/p>\n\n\n\n<p>\u201cHablamos de darles una capacitaci\u00f3n, primero, sobre c\u00f3mo preparar su espacio. Buscar que tenga buena ventilaci\u00f3n, c\u00f3mo se har\u00eda la sanitizaci\u00f3n, filtros, acceso y que todo lo tengan muy claro\u201d.<\/p>\n\n\n\n<p>Pero tambi\u00e9n c\u00f3mo ser\u00eda la din\u00e1mica al llegar a los teatros, evitar las filas, que no haya taquilla, obviamente, con un aforo de un 30 por ciento para iniciar.<\/p>\n\n\n\n<p>Se busca activar la econom\u00eda y la actividad cultural: \u201cSi bien la hemos estado llevando por el mundo virtual, estamos ansiosos de que sea presencial toda la actividad\u201d.<\/p>\n\n\n\n<p>No hay fecha para el regreso, sin embargo la secretar\u00eda insistir\u00e1 en que el primer evento sea la Muestra Estatal de Teatro, que despu\u00e9s de siete a\u00f1os se traer\u00e1 a la Regi\u00f3n Laguna, a Torre\u00f3n, toda vez que siempre hab\u00eda sido en la Regi\u00f3n Sureste.<\/p>\n\n\n\n<p>Ser\u00e1 del 20 al 25 de Octubre, se trata de las 10 mejores obras de teatro que van a concursar ante un jurado. El prop\u00f3sito es que se tenga p\u00fablico, aunque sea poco.<\/p>\n\n\n\n<p>La parte de festivales ser\u00e1n para el a\u00f1o entrante, pues se trata de eventos masivos y no empe\u00f1ar\u00e1n la salud de los coahuilenses.<\/p>\n","protected":false},"excerpt":{"rendered":"<p>Presentan protocolo y buscan que el primer evento sea la Muestra Estatal de Teatro, del 20 al 25 de Octubre, en Torre\u00f3n. La Secretar\u00eda de Cultura del Estado solicit\u00f3 ante &hellip; <a href=\"https:\/\/lavereda.com.mx\/index.php\/2020\/10\/07\/solicitan-la-apertura-de-espacios-escenicos\/\" class=\"more-link\">Leer m\u00e1s<\/a><\/p>\n","protected":false},"author":1,"featured_media":730,"comment_status":"open","ping_status":"open","sticky":false,"template":"","format":"standard","meta":{"footnotes":""},"categories":[2,18],"tags":[],"class_list":["post-729","post","type-post","status-publish","format-standard","has-post-thumbnail","hentry","category-artes-escenicas","category-lomasrelevante","entry"],"_links":{"self":[{"href":"https:\/\/lavereda.com.mx\/index.php\/wp-json\/wp\/v2\/posts\/729","targetHints":{"allow":["GET"]}}],"collection":[{"href":"https:\/\/lavereda.com.mx\/index.php\/wp-json\/wp\/v2\/posts"}],"about":[{"href":"https:\/\/lavereda.com.mx\/index.php\/wp-json\/wp\/v2\/types\/post"}],"author":[{"embeddable":true,"href":"https:\/\/lavereda.com.mx\/index.php\/wp-json\/wp\/v2\/users\/1"}],"replies":[{"embeddable":true,"href":"https:\/\/lavereda.com.mx\/index.php\/wp-json\/wp\/v2\/comments?post=729"}],"version-history":[{"count":3,"href":"https:\/\/lavereda.com.mx\/index.php\/wp-json\/wp\/v2\/posts\/729\/revisions"}],"predecessor-version":[{"id":733,"href":"https:\/\/lavereda.com.mx\/index.php\/wp-json\/wp\/v2\/posts\/729\/revisions\/733"}],"wp:featuredmedia":[{"embeddable":true,"href":"https:\/\/lavereda.com.mx\/index.php\/wp-json\/wp\/v2\/media\/730"}],"wp:attachment":[{"href":"https:\/\/lavereda.com.mx\/index.php\/wp-json\/wp\/v2\/media?parent=729"}],"wp:term":[{"taxonomy":"category","embeddable":true,"href":"https:\/\/lavereda.com.mx\/index.php\/wp-json\/wp\/v2\/categories?post=729"},{"taxonomy":"post_tag","embeddable":true,"href":"https:\/\/lavereda.com.mx\/index.php\/wp-json\/wp\/v2\/tags?post=729"}],"curies":[{"name":"wp","href":"https:\/\/api.w.org\/{rel}","templated":true}]}}