{"id":7287,"date":"2025-11-15T16:01:43","date_gmt":"2025-11-15T16:01:43","guid":{"rendered":"https:\/\/lavereda.com.mx\/?p=7287"},"modified":"2025-11-15T16:01:47","modified_gmt":"2025-11-15T16:01:47","slug":"sotol-fest-regresa-a-puerto-noas-para-celebrar-el-patrimonio-cultural-de-coahuila","status":"publish","type":"post","link":"https:\/\/lavereda.com.mx\/index.php\/2025\/11\/15\/sotol-fest-regresa-a-puerto-noas-para-celebrar-el-patrimonio-cultural-de-coahuila\/","title":{"rendered":"Sotol Fest regresa a Puerto Noas para celebrar el patrimonio cultural de Coahuila"},"content":{"rendered":"\n<p>El pr\u00f3ximo\u00a0<strong>16 de noviembre<\/strong>\u00a0se llevar\u00e1 a cabo la\u00a0<strong>Cuarta Edici\u00f3n del Sotol Fest<\/strong>\u00a0en\u00a0<strong>Puerto Noas<\/strong>, un evento que busca fortalecer la identidad y el valor del sotol, el \u00fanico destilado originario de Coahuila reconocido como\u00a0<strong>Patrimonio Cultural Inmaterial<\/strong>.<\/p>\n\n\n\n<p>El festival incluir\u00e1 un&nbsp;<strong>concurso de mixolog\u00eda<\/strong>, adem\u00e1s de&nbsp;<strong>actividades gastron\u00f3micas, culturales y art\u00edsticas<\/strong>&nbsp;dirigidas al p\u00fablico en general. La organizaci\u00f3n prev\u00e9 una asistencia aproximada de&nbsp;<strong>500 personas<\/strong>, consolid\u00e1ndose como uno de los encuentros m\u00e1s representativos en torno a esta tradicional bebida.<\/p>\n","protected":false},"excerpt":{"rendered":"<p>El pr\u00f3ximo\u00a016 de noviembre\u00a0se llevar\u00e1 a cabo la\u00a0Cuarta Edici\u00f3n del Sotol Fest\u00a0en\u00a0Puerto Noas, un evento que busca fortalecer la identidad y el valor del sotol, el \u00fanico destilado originario de &hellip; <a href=\"https:\/\/lavereda.com.mx\/index.php\/2025\/11\/15\/sotol-fest-regresa-a-puerto-noas-para-celebrar-el-patrimonio-cultural-de-coahuila\/\" class=\"more-link\">Leer m\u00e1s<\/a><\/p>\n","protected":false},"author":23,"featured_media":7289,"comment_status":"open","ping_status":"open","sticky":false,"template":"","format":"standard","meta":{"footnotes":""},"categories":[1],"tags":[],"class_list":["post-7287","post","type-post","status-publish","format-standard","has-post-thumbnail","hentry","category-uncategorized","entry"],"_links":{"self":[{"href":"https:\/\/lavereda.com.mx\/index.php\/wp-json\/wp\/v2\/posts\/7287","targetHints":{"allow":["GET"]}}],"collection":[{"href":"https:\/\/lavereda.com.mx\/index.php\/wp-json\/wp\/v2\/posts"}],"about":[{"href":"https:\/\/lavereda.com.mx\/index.php\/wp-json\/wp\/v2\/types\/post"}],"author":[{"embeddable":true,"href":"https:\/\/lavereda.com.mx\/index.php\/wp-json\/wp\/v2\/users\/23"}],"replies":[{"embeddable":true,"href":"https:\/\/lavereda.com.mx\/index.php\/wp-json\/wp\/v2\/comments?post=7287"}],"version-history":[{"count":1,"href":"https:\/\/lavereda.com.mx\/index.php\/wp-json\/wp\/v2\/posts\/7287\/revisions"}],"predecessor-version":[{"id":7288,"href":"https:\/\/lavereda.com.mx\/index.php\/wp-json\/wp\/v2\/posts\/7287\/revisions\/7288"}],"wp:featuredmedia":[{"embeddable":true,"href":"https:\/\/lavereda.com.mx\/index.php\/wp-json\/wp\/v2\/media\/7289"}],"wp:attachment":[{"href":"https:\/\/lavereda.com.mx\/index.php\/wp-json\/wp\/v2\/media?parent=7287"}],"wp:term":[{"taxonomy":"category","embeddable":true,"href":"https:\/\/lavereda.com.mx\/index.php\/wp-json\/wp\/v2\/categories?post=7287"},{"taxonomy":"post_tag","embeddable":true,"href":"https:\/\/lavereda.com.mx\/index.php\/wp-json\/wp\/v2\/tags?post=7287"}],"curies":[{"name":"wp","href":"https:\/\/api.w.org\/{rel}","templated":true}]}}