{"id":7280,"date":"2025-11-14T16:08:23","date_gmt":"2025-11-14T16:08:23","guid":{"rendered":"https:\/\/lavereda.com.mx\/?p=7280"},"modified":"2025-11-14T16:08:24","modified_gmt":"2025-11-14T16:08:24","slug":"transmiten-la-boheme-de-puccini-en-el-tim","status":"publish","type":"post","link":"https:\/\/lavereda.com.mx\/index.php\/2025\/11\/14\/transmiten-la-boheme-de-puccini-en-el-tim\/","title":{"rendered":"Transmiten La Boh\u00e8me de Puccini en el TIM"},"content":{"rendered":"\n<p>Como parte del ciclo de transmisiones de \u00f3pera en vivo desde el Met de Nueva York, llega La Boh\u00e8me de Giacomo Puccini al Teatro Isauro Mart\u00ednez, este s\u00e1bado 15 de noviembre.<\/p>\n\n\n\n<p>Los asistentes podr\u00e1n disfrutar de esta \u00f3pera en cuatro actos de Puccini, con libreto en italiano de Luigi Illica y Giuseppe Giacosa, basada en escenas de la vida bohemia de Henri Murger. Su estreno mundial se realiz\u00f3 en Tur\u00edn en el a\u00f1o 1896.<\/p>\n\n\n\n<p>La obra es una de las \u00f3peras m\u00e1s representadas del mundo y est\u00e1 ambientada en el Par\u00eds de 1830. Narra la historia de un grupo de amigos y amantes que enfrentan las alegr\u00edas y dificultades de la vida bohemia.<\/p>\n\n\n\n<p>Parte del elenco lo conforman: Juliana Grigoryan (Mim\u00ec), Heidi Stober (Musetta), Freddie De Tommaso (Rodolfo), Lucas Meachem (Marcello), Sean Michael Plumb (Schaunard), Jongmin Park (Colline) y Donald Maxwell (Beno\u00eet\/Alcindoro).<\/p>\n\n\n\n<p>La transmisi\u00f3n es el pr\u00f3ximo s\u00e1bado 15 de noviembre a las 12:00 horas en el Teatro Isauro Mart\u00ednez, ubicado en la avenida Matamoros a un costado de la Plaza Mayor. El costo de los boletos es de 150 pesos p\u00fablico en general y 100 pesos adultos mayores y estudiantes.<\/p>\n\n\n\n<p>La temporada del Met de Nueva York 2025-2026 continuar\u00e1 en pantalla gigante el 22 de noviembre con Arabella de Strauss, y el 20 de diciembre con Andrea Ch\u00e9nier de Giordano y se extender\u00e1n hasta el mes de mayo del 2026.<\/p>\n","protected":false},"excerpt":{"rendered":"<p>Como parte del ciclo de transmisiones de \u00f3pera en vivo desde el Met de Nueva York, llega La Boh\u00e8me de Giacomo Puccini al Teatro Isauro Mart\u00ednez, este s\u00e1bado 15 de &hellip; <a href=\"https:\/\/lavereda.com.mx\/index.php\/2025\/11\/14\/transmiten-la-boheme-de-puccini-en-el-tim\/\" class=\"more-link\">Leer m\u00e1s<\/a><\/p>\n","protected":false},"author":1,"featured_media":7281,"comment_status":"open","ping_status":"open","sticky":false,"template":"","format":"standard","meta":{"footnotes":""},"categories":[2],"tags":[],"class_list":["post-7280","post","type-post","status-publish","format-standard","has-post-thumbnail","hentry","category-artes-escenicas","entry"],"_links":{"self":[{"href":"https:\/\/lavereda.com.mx\/index.php\/wp-json\/wp\/v2\/posts\/7280","targetHints":{"allow":["GET"]}}],"collection":[{"href":"https:\/\/lavereda.com.mx\/index.php\/wp-json\/wp\/v2\/posts"}],"about":[{"href":"https:\/\/lavereda.com.mx\/index.php\/wp-json\/wp\/v2\/types\/post"}],"author":[{"embeddable":true,"href":"https:\/\/lavereda.com.mx\/index.php\/wp-json\/wp\/v2\/users\/1"}],"replies":[{"embeddable":true,"href":"https:\/\/lavereda.com.mx\/index.php\/wp-json\/wp\/v2\/comments?post=7280"}],"version-history":[{"count":1,"href":"https:\/\/lavereda.com.mx\/index.php\/wp-json\/wp\/v2\/posts\/7280\/revisions"}],"predecessor-version":[{"id":7282,"href":"https:\/\/lavereda.com.mx\/index.php\/wp-json\/wp\/v2\/posts\/7280\/revisions\/7282"}],"wp:featuredmedia":[{"embeddable":true,"href":"https:\/\/lavereda.com.mx\/index.php\/wp-json\/wp\/v2\/media\/7281"}],"wp:attachment":[{"href":"https:\/\/lavereda.com.mx\/index.php\/wp-json\/wp\/v2\/media?parent=7280"}],"wp:term":[{"taxonomy":"category","embeddable":true,"href":"https:\/\/lavereda.com.mx\/index.php\/wp-json\/wp\/v2\/categories?post=7280"},{"taxonomy":"post_tag","embeddable":true,"href":"https:\/\/lavereda.com.mx\/index.php\/wp-json\/wp\/v2\/tags?post=7280"}],"curies":[{"name":"wp","href":"https:\/\/api.w.org\/{rel}","templated":true}]}}