{"id":7276,"date":"2025-11-12T00:22:28","date_gmt":"2025-11-12T00:22:28","guid":{"rendered":"https:\/\/lavereda.com.mx\/?p=7276"},"modified":"2025-11-12T01:37:40","modified_gmt":"2025-11-12T01:37:40","slug":"ramon-shade-se-despide-con-una-gran-direccion-orquestal","status":"publish","type":"post","link":"https:\/\/lavereda.com.mx\/index.php\/2025\/11\/12\/ramon-shade-se-despide-con-una-gran-direccion-orquestal\/","title":{"rendered":"Ramon Shade se despide con una gran direcci\u00f3n orquestal"},"content":{"rendered":"\n<p>El escenario del Teatro Isauro Mart\u00ednez volvi\u00f3 a recibir al maestro Ram\u00f3n Shade, director art\u00edstico por 31 a\u00f1os de la Camerata de Coahuila, en un homenaje y despedida por su participaci\u00f3n en la orquesta el pasado lunes 10 de noviembre, con un concierto que \u00e9l mismo dirigi\u00f3.<\/p>\n\n\n\n<p>La sala del teatro luci\u00f3 llena de espectadores que presenciaron este concierto despu\u00e9s de que hace cinco meses Shade dej\u00f3 de pertenecer a la Camerata. Desde el inicio se sinti\u00f3 el vigor en su direcci\u00f3n, la energ\u00eda y pasi\u00f3n con la que realiz\u00f3 su trabajo por tres m\u00e1s de d\u00e9cadas.<\/p>\n\n\n\n<p>Ram\u00f3n Shade se despidi\u00f3 con una actuaci\u00f3n brillante, su direcci\u00f3n fue potente y con vigor, hizo sonar a la orquesta con gran calidad y eligi\u00f3 un programa con mucha belleza: la obertura Leonora III de Beethoven y la Sinfon\u00eda no. 2 de Brahms.<\/p>\n\n\n\n<p>Desde el inicio la m\u00fasica hizo lucir cada secci\u00f3n de la orquesta con una direcci\u00f3n que sac\u00f3 brillo de cada integrante.<\/p>\n\n\n\n<p>La segunda obra, la sinfon\u00eda de Brahms se integr\u00f3 por cuatro movimientos, terminando en lo m\u00e1s alto de expresividad y fuerza, con participaciones destacadas de las cuerdas y los instrumentos de aliento.<\/p>\n\n\n\n<p>Al finalizar el concierto el director agradeci\u00f3 principalmente a cada integrante de la orquesta y al patronato que dio origen a este proyecto en 1994. Su trabajo pasa a una nueva etapa, pero de acuerdo con los propios m\u00fasicos, la aportaci\u00f3n de Shade a la Camerata ser\u00e1 imborrable.<\/p>\n\n\n\n<figure class=\"wp-block-image size-large is-resized\"><img fetchpriority=\"high\" decoding=\"async\" width=\"1024\" height=\"768\" src=\"https:\/\/lavereda.com.mx\/wp-content\/uploads\/2025\/11\/Shade2-1024x768.jpeg\" alt=\"\" class=\"wp-image-7277\" style=\"width:528px;height:auto\" srcset=\"https:\/\/lavereda.com.mx\/wp-content\/uploads\/2025\/11\/Shade2-1024x768.jpeg 1024w, https:\/\/lavereda.com.mx\/wp-content\/uploads\/2025\/11\/Shade2-300x225.jpeg 300w, https:\/\/lavereda.com.mx\/wp-content\/uploads\/2025\/11\/Shade2-768x576.jpeg 768w, https:\/\/lavereda.com.mx\/wp-content\/uploads\/2025\/11\/Shade2.jpeg 1400w\" sizes=\"(max-width: 1024px) 100vw, 1024px\" \/><\/figure>\n\n\n\n<p><\/p>\n\n\n\n<p>En este concierto el maestro recibi\u00f3 un reconocimiento del Municipio de Torre\u00f3n a trav\u00e9s del Instituto Municipal de Cultura y Educaci\u00f3n por su destacada labor en la direcci\u00f3n de la orquesta. Pero el aplauso y el homenaje del p\u00fablico y de los m\u00fasicos sin duda se quedar\u00e1 grabado en la memoria hist\u00f3rica.<\/p>\n","protected":false},"excerpt":{"rendered":"<p>El escenario del Teatro Isauro Mart\u00ednez volvi\u00f3 a recibir al maestro Ram\u00f3n Shade, director art\u00edstico por 31 a\u00f1os de la Camerata de Coahuila, en un homenaje y despedida por su &hellip; <a href=\"https:\/\/lavereda.com.mx\/index.php\/2025\/11\/12\/ramon-shade-se-despide-con-una-gran-direccion-orquestal\/\" class=\"more-link\">Leer m\u00e1s<\/a><\/p>\n","protected":false},"author":9,"featured_media":7278,"comment_status":"open","ping_status":"open","sticky":false,"template":"","format":"standard","meta":{"footnotes":""},"categories":[18,4],"tags":[],"class_list":["post-7276","post","type-post","status-publish","format-standard","has-post-thumbnail","hentry","category-lomasrelevante","category-musica","entry"],"_links":{"self":[{"href":"https:\/\/lavereda.com.mx\/index.php\/wp-json\/wp\/v2\/posts\/7276","targetHints":{"allow":["GET"]}}],"collection":[{"href":"https:\/\/lavereda.com.mx\/index.php\/wp-json\/wp\/v2\/posts"}],"about":[{"href":"https:\/\/lavereda.com.mx\/index.php\/wp-json\/wp\/v2\/types\/post"}],"author":[{"embeddable":true,"href":"https:\/\/lavereda.com.mx\/index.php\/wp-json\/wp\/v2\/users\/9"}],"replies":[{"embeddable":true,"href":"https:\/\/lavereda.com.mx\/index.php\/wp-json\/wp\/v2\/comments?post=7276"}],"version-history":[{"count":1,"href":"https:\/\/lavereda.com.mx\/index.php\/wp-json\/wp\/v2\/posts\/7276\/revisions"}],"predecessor-version":[{"id":7279,"href":"https:\/\/lavereda.com.mx\/index.php\/wp-json\/wp\/v2\/posts\/7276\/revisions\/7279"}],"wp:featuredmedia":[{"embeddable":true,"href":"https:\/\/lavereda.com.mx\/index.php\/wp-json\/wp\/v2\/media\/7278"}],"wp:attachment":[{"href":"https:\/\/lavereda.com.mx\/index.php\/wp-json\/wp\/v2\/media?parent=7276"}],"wp:term":[{"taxonomy":"category","embeddable":true,"href":"https:\/\/lavereda.com.mx\/index.php\/wp-json\/wp\/v2\/categories?post=7276"},{"taxonomy":"post_tag","embeddable":true,"href":"https:\/\/lavereda.com.mx\/index.php\/wp-json\/wp\/v2\/tags?post=7276"}],"curies":[{"name":"wp","href":"https:\/\/api.w.org\/{rel}","templated":true}]}}