{"id":7263,"date":"2025-11-07T19:41:32","date_gmt":"2025-11-07T19:41:32","guid":{"rendered":"https:\/\/lavereda.com.mx\/?p=7263"},"modified":"2025-11-07T21:04:52","modified_gmt":"2025-11-07T21:04:52","slug":"juan-gabriel-debo-puedo-y-quiero","status":"publish","type":"post","link":"https:\/\/lavereda.com.mx\/index.php\/2025\/11\/07\/juan-gabriel-debo-puedo-y-quiero\/","title":{"rendered":"Juan Gabriel: Debo, puedo y quiero"},"content":{"rendered":"\t\t<div data-elementor-type=\"wp-post\" data-elementor-id=\"7263\" class=\"elementor elementor-7263\" data-elementor-post-type=\"post\">\n\t\t\t\t\t\t<section class=\"elementor-section elementor-top-section elementor-element elementor-element-6b024a5d elementor-section-boxed elementor-section-height-default elementor-section-height-default wpr-particle-no wpr-jarallax-no wpr-parallax-no wpr-sticky-section-no wpr-equal-height-no\" data-id=\"6b024a5d\" data-element_type=\"section\" data-e-type=\"section\">\n\t\t\t\t\t\t<div class=\"elementor-container elementor-column-gap-default\">\n\t\t\t\t\t<div class=\"elementor-column elementor-col-100 elementor-top-column elementor-element elementor-element-7ea9e3a3\" data-id=\"7ea9e3a3\" data-element_type=\"column\" data-e-type=\"column\">\n\t\t\t<div class=\"elementor-widget-wrap elementor-element-populated\">\n\t\t\t\t\t\t<div class=\"elementor-element elementor-element-4c1bde32 elementor-widget elementor-widget-text-editor\" data-id=\"4c1bde32\" data-element_type=\"widget\" data-e-type=\"widget\" data-widget_type=\"text-editor.default\">\n\t\t\t\t<div class=\"elementor-widget-container\">\n\t\t\t\t\t\t\t\t\t\n<p>Juan Gabriel: Debo, puedo y quiero (2025)<br \/>Netflix<br \/>Este es el retrato m\u00e1s completo y honesto que se ha hecho del Divo de Ju\u00e1rez.<br \/>La serie documental de cuatro cap\u00edtulos toma material videograbado, \u00edntimo e in\u00e9dito, de Juan Gabriel, quien adoraba tomar la c\u00e1mara para hacer videos caseros.<br \/>La directora Mar\u00eda Jos\u00e9 Cuevas edita decenas de horas de cintas para narrar su vida desde la cuna hasta el caj\u00f3n. Con un recuento de cronolog\u00eda lineal muestra los cap\u00edtulos m\u00e1s trascendentes de su vida, en voz del mismo Juanga, as\u00ed como de sus personas m\u00e1s cercanas.<br \/>La producci\u00f3n, que cuenta con la anuencia de la familia, es un excelente homenaje del artista presentado como un hombre de gran voluntad, cerca de la gente, pero alejado de la intelectualidad, que disfrut\u00f3 cada segundo de la fama bien ganada. En base a su talento, se hizo millonario y pudo gozar el fruto de su trabajo con una vida llena de abundancia, que comparti\u00f3 con los suyos. Fue permanentemente indiferente a las pol\u00e9micas que gener\u00f3 su personalidad ambigua.<br \/>Sin embargo, se ve a un hombre melanc\u00f3lico, que se sent\u00eda solo e incomprendido, pese a que estaba rodeado de personas que lo amaron y lo admiraron.<br \/>Los fans van a disfrutar mucho este documental que muestra c\u00f3mo realmente fue, en su ascenso esplendor y breve declive, uno de los cantantes en espa\u00f1ol m\u00e1s importantes en la historia.<br \/>(PG. Orientaci\u00f3n de los padres)<br \/>@LucianoCamposG<br \/>https:\/\/www.youtube.com\/watch?v=Kf2YdQLLDfo<\/p>\n\t\t\t\t\t\t\t\t<\/div>\n\t\t\t\t<\/div>\n\t\t\t\t\t<\/div>\n\t\t<\/div>\n\t\t\t\t\t<\/div>\n\t\t<\/section>\n\t\t\t\t<\/div>\n\t\t","protected":false},"excerpt":{"rendered":"<p>Juan Gabriel: Debo, puedo y quiero (2025)NetflixEste es el retrato m\u00e1s completo y honesto que se ha hecho del Divo de Ju\u00e1rez.La serie documental de cuatro cap\u00edtulos toma material videograbado, &hellip; <a href=\"https:\/\/lavereda.com.mx\/index.php\/2025\/11\/07\/juan-gabriel-debo-puedo-y-quiero\/\" class=\"more-link\">Leer m\u00e1s<\/a><\/p>\n","protected":false},"author":3,"featured_media":7265,"comment_status":"open","ping_status":"open","sticky":false,"template":"","format":"standard","meta":{"footnotes":""},"categories":[6],"tags":[40,56,33],"class_list":["post-7263","post","type-post","status-publish","format-standard","has-post-thumbnail","hentry","category-cinetv","tag-cine","tag-netflix","tag-torreon-2","entry"],"_links":{"self":[{"href":"https:\/\/lavereda.com.mx\/index.php\/wp-json\/wp\/v2\/posts\/7263","targetHints":{"allow":["GET"]}}],"collection":[{"href":"https:\/\/lavereda.com.mx\/index.php\/wp-json\/wp\/v2\/posts"}],"about":[{"href":"https:\/\/lavereda.com.mx\/index.php\/wp-json\/wp\/v2\/types\/post"}],"author":[{"embeddable":true,"href":"https:\/\/lavereda.com.mx\/index.php\/wp-json\/wp\/v2\/users\/3"}],"replies":[{"embeddable":true,"href":"https:\/\/lavereda.com.mx\/index.php\/wp-json\/wp\/v2\/comments?post=7263"}],"version-history":[{"count":10,"href":"https:\/\/lavereda.com.mx\/index.php\/wp-json\/wp\/v2\/posts\/7263\/revisions"}],"predecessor-version":[{"id":7275,"href":"https:\/\/lavereda.com.mx\/index.php\/wp-json\/wp\/v2\/posts\/7263\/revisions\/7275"}],"wp:featuredmedia":[{"embeddable":true,"href":"https:\/\/lavereda.com.mx\/index.php\/wp-json\/wp\/v2\/media\/7265"}],"wp:attachment":[{"href":"https:\/\/lavereda.com.mx\/index.php\/wp-json\/wp\/v2\/media?parent=7263"}],"wp:term":[{"taxonomy":"category","embeddable":true,"href":"https:\/\/lavereda.com.mx\/index.php\/wp-json\/wp\/v2\/categories?post=7263"},{"taxonomy":"post_tag","embeddable":true,"href":"https:\/\/lavereda.com.mx\/index.php\/wp-json\/wp\/v2\/tags?post=7263"}],"curies":[{"name":"wp","href":"https:\/\/api.w.org\/{rel}","templated":true}]}}