{"id":7237,"date":"2025-10-28T02:58:32","date_gmt":"2025-10-28T02:58:32","guid":{"rendered":"https:\/\/lavereda.com.mx\/?p=7237"},"modified":"2025-10-28T19:54:19","modified_gmt":"2025-10-28T19:54:19","slug":"el-teatro-isauro-martinez-busca-cerrar-con-broche-de-oro-su-95-aniversario","status":"publish","type":"post","link":"https:\/\/lavereda.com.mx\/index.php\/2025\/10\/28\/el-teatro-isauro-martinez-busca-cerrar-con-broche-de-oro-su-95-aniversario\/","title":{"rendered":"El Teatro Isauro Mart\u00ednez busca cerrar con broche de oro su 95 aniversario"},"content":{"rendered":"\n<p>El Teatro Isauro Mart\u00ednez present\u00f3 su cartelera de actividades para los meses de noviembre, diciembre y los \u00faltimos d\u00edas de octubre. La directora Cecilia Cansino coment\u00f3 que \u201cestamos cerrando con eventos locales e internacionales el a\u00f1o del 95 aniversario\u201d y a\u00f1adi\u00f3 que ha sido un a\u00f1o muy emotivo donde ha habido un plan cultural para p\u00fablico de todas las edades.<\/p>\n\n\n\n<p>Destac\u00f3 la nueva temporada de las transmisiones del MET de Nueva York con grandes producciones oper\u00edsticas. La pr\u00f3xima ser\u00e1 el 15 de noviembre con La Boheme de Puccini.<\/p>\n\n\n\n<p>Una de las principales actividades y para cerrar con broche de oro este a\u00f1o de festejos ser\u00e1 la presentaci\u00f3n de la cantante Nadine Sierra, reconocida como una de las mejores sopranos del mundo, el pr\u00f3ximo 12 de noviembre.<\/p>\n\n\n\n<p>Ella ofrecer\u00e1 un magno recital de \u00f3pera como parte del Festival del Mitote. Estar\u00e1 acompa\u00f1ada al piano por el talentoso m\u00fasico \u00c1ngel Rodr\u00edguez, su programa presentar\u00e1 obras de grandes compositores como Gounod, Puccini, Wolfang, Mozart, Verdi entre otros.<\/p>\n\n\n\n<p>Dentro de este festival tambi\u00e9n se presentar\u00e1 la gala de \u201cGiselle\u201d con el Ballet de Monterrey este 29 de octubre con 2 funciones a las 4:30 pm y 8:30 pm. Una pieza de Jules Perrot y de Jean Coralli con m\u00fasica de Adolphe Adam.<\/p>\n\n\n\n<p>El pr\u00f3ximo 10 de noviembre a las 20:30 horas el teatro ser\u00e1 sede del Concierto en Homenaje al Maestro Ram\u00f3n Shade quien fue el director art\u00edstico de Camerata desde su fundaci\u00f3n hasta este a\u00f1o, dejando un legado invaluable para Torre\u00f3n, y el estado de Coahuila. El programa incluir\u00e1 obras de dos de los m\u00e1s grandes compositores de la historia: Beethoven y Brahms.<\/p>\n\n\n\n<p>Tambi\u00e9n el 6 de noviembre dentro del festival del Mitote se presentar\u00e1 el recital \u201cSombras y reflejos\u201d, Homenaje a Schubert y Ravel por Mariana Chabukiani en el piano, Ismael Estevan\u00e9 en viol\u00edn y B\u00e1rbara Piotrowska en el violonchelo.<\/p>\n\n\n\n<p>Por otra parte, se inform\u00f3 que en noviembre el Teatro Alfonso Garibay celebrar\u00e1 su 68 aniversario y habr\u00e1 diversas actividades, entre ellas un conversatorio sobre la historia de este recinto con Salvador Jalife el 7 de noviembre.<\/p>\n\n\n\n<p>El Teatro invit\u00f3 al p\u00fablico a seguir los pr\u00f3ximos conciertos de Camerata de Coahuila, con algunas sorpresas.<\/p>\n\n\n\n<p><em>Foto: Cecilia Cansino y Caleb Espino.<\/em><\/p>\n","protected":false},"excerpt":{"rendered":"<p>El Teatro Isauro Mart\u00ednez present\u00f3 su cartelera de actividades para los meses de noviembre, diciembre y los \u00faltimos d\u00edas de octubre. La directora Cecilia Cansino coment\u00f3 que \u201cestamos cerrando con &hellip; <a href=\"https:\/\/lavereda.com.mx\/index.php\/2025\/10\/28\/el-teatro-isauro-martinez-busca-cerrar-con-broche-de-oro-su-95-aniversario\/\" class=\"more-link\">Leer m\u00e1s<\/a><\/p>\n","protected":false},"author":9,"featured_media":7239,"comment_status":"open","ping_status":"open","sticky":false,"template":"","format":"standard","meta":{"footnotes":""},"categories":[1],"tags":[],"class_list":["post-7237","post","type-post","status-publish","format-standard","has-post-thumbnail","hentry","category-uncategorized","entry"],"_links":{"self":[{"href":"https:\/\/lavereda.com.mx\/index.php\/wp-json\/wp\/v2\/posts\/7237","targetHints":{"allow":["GET"]}}],"collection":[{"href":"https:\/\/lavereda.com.mx\/index.php\/wp-json\/wp\/v2\/posts"}],"about":[{"href":"https:\/\/lavereda.com.mx\/index.php\/wp-json\/wp\/v2\/types\/post"}],"author":[{"embeddable":true,"href":"https:\/\/lavereda.com.mx\/index.php\/wp-json\/wp\/v2\/users\/9"}],"replies":[{"embeddable":true,"href":"https:\/\/lavereda.com.mx\/index.php\/wp-json\/wp\/v2\/comments?post=7237"}],"version-history":[{"count":2,"href":"https:\/\/lavereda.com.mx\/index.php\/wp-json\/wp\/v2\/posts\/7237\/revisions"}],"predecessor-version":[{"id":7240,"href":"https:\/\/lavereda.com.mx\/index.php\/wp-json\/wp\/v2\/posts\/7237\/revisions\/7240"}],"wp:featuredmedia":[{"embeddable":true,"href":"https:\/\/lavereda.com.mx\/index.php\/wp-json\/wp\/v2\/media\/7239"}],"wp:attachment":[{"href":"https:\/\/lavereda.com.mx\/index.php\/wp-json\/wp\/v2\/media?parent=7237"}],"wp:term":[{"taxonomy":"category","embeddable":true,"href":"https:\/\/lavereda.com.mx\/index.php\/wp-json\/wp\/v2\/categories?post=7237"},{"taxonomy":"post_tag","embeddable":true,"href":"https:\/\/lavereda.com.mx\/index.php\/wp-json\/wp\/v2\/tags?post=7237"}],"curies":[{"name":"wp","href":"https:\/\/api.w.org\/{rel}","templated":true}]}}