{"id":7233,"date":"2025-10-25T18:20:17","date_gmt":"2025-10-25T18:20:17","guid":{"rendered":"https:\/\/lavereda.com.mx\/?p=7233"},"modified":"2025-10-25T18:20:18","modified_gmt":"2025-10-25T18:20:18","slug":"premian-a-ganadores-del-concurso-pinta-tu-musica","status":"publish","type":"post","link":"https:\/\/lavereda.com.mx\/index.php\/2025\/10\/25\/premian-a-ganadores-del-concurso-pinta-tu-musica\/","title":{"rendered":"Premian a ganadores del concurso \u00abPinta tu m\u00fasica\u00bb"},"content":{"rendered":"\n<p>El d\u00eda de ayer Radio Torre\u00f3n 96.3 FM premi\u00f3 a los ganadores del concurso \u201cPinta tu m\u00fasica 2025\u201d, un evento  realizado con el apoyo de Industrias Pe\u00f1oles como patrocinador oficial.<br><\/p>\n\n\n\n<p>La premiaci\u00f3n, realizada en instalaciones del Vivero Pe\u00f1oles, fue presidida por el director general de la estaci\u00f3n radiof\u00f3nica, Luis Guillermo Hern\u00e1ndez Aranda, y acudi\u00f3 el Arq. Antonio M\u00e9ndez Vigat\u00e1 en representaci\u00f3n del Alcalde Rom\u00e1n Alberto Cepeda Gonz\u00e1lez. Tambi\u00e9n acudieron al evento el Lic. Yohan Uribe, Director de Comunicaci\u00f3n Social del Ayuntamiento de Torre\u00f3n, el Lic. Diego Ontiveros Renter\u00eda,<br>Noveno Regidor y Silvia Landeros Hern\u00e1ndez, Gerente de Comunicaci\u00f3n Externa de Industrias Pe\u00f1oles.<br><\/p>\n\n\n\n<p>Fueron premiados los primeros tres lugares de cada categor\u00eda y cabe destacar que la edici\u00f3n 2025 rompi\u00f3 r\u00e9cord de participaci\u00f3n con un total de 189 obras registradas.<br><\/p>\n\n\n\n<p>En la categor\u00eda libre: Regional Mexicano, el ganador del primer lugar fue Jorge de Jes\u00fas G\u00e1mez Jim\u00e9nez, en segundo lugar Gerardo Hern\u00e1ndez Rivera y el tercer lugar fue para Siomara Esperanza Rodr\u00edguez Rinc\u00f3n.<br><\/p>\n\n\n\n<p>Mientras que en la categor\u00eda libre relacionada al Jazz y Rock el ganador fue Gerardo Hern\u00e1ndez Rivera; Luis Vejiga Serra se qued\u00f3 con el segundo lugar y en tercera posici\u00f3n Ivonne Haydee Galindo Ba\u00f1uelos.<\/p>\n\n\n\n<p>Por otra parte, los ganadores de las obras relacionadas a la \u00d3pera y a la m\u00fasica cl\u00e1sica, en su categor\u00eda libre, fueron Camila Ogaz\u00f3n Franco con el primer lugar, Ivonne Haydee Galindo Ba\u00f1uelos se llev\u00f3 el segundo lugar y en tercer lugar qued\u00f3 Rosa Iliana P\u00e9rez Garc\u00eda.<\/p>\n\n\n\n<p>Finalmente, se premi\u00f3 a los primeros tres lugares de la categor\u00eda Infantil y la m\u00e1s concurrida; siendo Valeria Alejandra Arias Carbajal la ganadora del primer lugar. Ilse Patricia Cabello Rodr\u00edguez se qued\u00f3 con el segundo lugar y el tercer premio fue para Elisa Mar\u00eda Salcido Mat\u00edas.<br><\/p>\n\n\n\n<p>\u201cPinten sus sue\u00f1os, nunca tengan miedo ni se detengan ante nada y obviamente pinten sus sue\u00f1os con sus canciones favoritas\u201d, fue la frase con la que el licenciado Luis Guillermo Hern\u00e1ndez Aranda cerr\u00f3 el evento e invit\u00f3 a todos a seguir pendiente de las redes de Radio Torre\u00f3n para futuras convocatorias.<\/p>\n\n\n\n<p><\/p>\n\n\n\n<figure class=\"wp-block-image size-large is-resized\"><img fetchpriority=\"high\" decoding=\"async\" width=\"1024\" height=\"768\" src=\"https:\/\/lavereda.com.mx\/wp-content\/uploads\/2025\/10\/WhatsApp-Image-2025-10-25-at-10.14.57-AM-1-1024x768.jpeg\" alt=\"\" class=\"wp-image-7235\" style=\"width:501px;height:auto\" srcset=\"https:\/\/lavereda.com.mx\/wp-content\/uploads\/2025\/10\/WhatsApp-Image-2025-10-25-at-10.14.57-AM-1-1024x768.jpeg 1024w, https:\/\/lavereda.com.mx\/wp-content\/uploads\/2025\/10\/WhatsApp-Image-2025-10-25-at-10.14.57-AM-1-300x225.jpeg 300w, https:\/\/lavereda.com.mx\/wp-content\/uploads\/2025\/10\/WhatsApp-Image-2025-10-25-at-10.14.57-AM-1-768x576.jpeg 768w, https:\/\/lavereda.com.mx\/wp-content\/uploads\/2025\/10\/WhatsApp-Image-2025-10-25-at-10.14.57-AM-1.jpeg 1280w\" sizes=\"(max-width: 1024px) 100vw, 1024px\" \/><\/figure>\n","protected":false},"excerpt":{"rendered":"<p>El d\u00eda de ayer Radio Torre\u00f3n 96.3 FM premi\u00f3 a los ganadores del concurso \u201cPinta tu m\u00fasica 2025\u201d, un evento realizado con el apoyo de Industrias Pe\u00f1oles como patrocinador oficial. &hellip; <a href=\"https:\/\/lavereda.com.mx\/index.php\/2025\/10\/25\/premian-a-ganadores-del-concurso-pinta-tu-musica\/\" class=\"more-link\">Leer m\u00e1s<\/a><\/p>\n","protected":false},"author":1,"featured_media":7234,"comment_status":"open","ping_status":"open","sticky":false,"template":"","format":"standard","meta":{"footnotes":""},"categories":[3],"tags":[],"class_list":["post-7233","post","type-post","status-publish","format-standard","has-post-thumbnail","hentry","category-artes-visuales","entry"],"_links":{"self":[{"href":"https:\/\/lavereda.com.mx\/index.php\/wp-json\/wp\/v2\/posts\/7233","targetHints":{"allow":["GET"]}}],"collection":[{"href":"https:\/\/lavereda.com.mx\/index.php\/wp-json\/wp\/v2\/posts"}],"about":[{"href":"https:\/\/lavereda.com.mx\/index.php\/wp-json\/wp\/v2\/types\/post"}],"author":[{"embeddable":true,"href":"https:\/\/lavereda.com.mx\/index.php\/wp-json\/wp\/v2\/users\/1"}],"replies":[{"embeddable":true,"href":"https:\/\/lavereda.com.mx\/index.php\/wp-json\/wp\/v2\/comments?post=7233"}],"version-history":[{"count":1,"href":"https:\/\/lavereda.com.mx\/index.php\/wp-json\/wp\/v2\/posts\/7233\/revisions"}],"predecessor-version":[{"id":7236,"href":"https:\/\/lavereda.com.mx\/index.php\/wp-json\/wp\/v2\/posts\/7233\/revisions\/7236"}],"wp:featuredmedia":[{"embeddable":true,"href":"https:\/\/lavereda.com.mx\/index.php\/wp-json\/wp\/v2\/media\/7234"}],"wp:attachment":[{"href":"https:\/\/lavereda.com.mx\/index.php\/wp-json\/wp\/v2\/media?parent=7233"}],"wp:term":[{"taxonomy":"category","embeddable":true,"href":"https:\/\/lavereda.com.mx\/index.php\/wp-json\/wp\/v2\/categories?post=7233"},{"taxonomy":"post_tag","embeddable":true,"href":"https:\/\/lavereda.com.mx\/index.php\/wp-json\/wp\/v2\/tags?post=7233"}],"curies":[{"name":"wp","href":"https:\/\/api.w.org\/{rel}","templated":true}]}}