{"id":7229,"date":"2025-10-25T17:49:43","date_gmt":"2025-10-25T17:49:43","guid":{"rendered":"https:\/\/lavereda.com.mx\/?p=7229"},"modified":"2025-10-25T17:49:43","modified_gmt":"2025-10-25T17:49:43","slug":"the-black-phone-2-2025","status":"publish","type":"post","link":"https:\/\/lavereda.com.mx\/index.php\/2025\/10\/25\/the-black-phone-2-2025\/","title":{"rendered":"The Black Phone 2 (2025)"},"content":{"rendered":"\n<p>The Black Phone es una pel\u00edcula de terror sobrenatural de 2021, dirigida por Scott Derrickson y basada en un cuento escrito por Joe Hill. Tuvo un \u00e9xito considerable en taquilla y recibi\u00f3 comentarios bastante positivos. La cinta narra la historia de un asesino serial ped\u00f3filo apodado The Grabber, que secuestra ni\u00f1os y adolescentes para mantenerlos cautivos en su s\u00f3tano, hasta que su \u00faltima presa, Finney Blake (Mason Thames), con ayuda de los esp\u00edritus de las v\u00edctimas previas del psic\u00f3pata \u2014que se comunican con \u00e9l desde el m\u00e1s all\u00e1 a trav\u00e9s del tel\u00e9fono que da t\u00edtulo a la historia\u2014 logra matar a su captor.<\/p>\n\n\n\n<p>Como se puede ver, la cinta es autoconclusiva, por lo que llam\u00f3 la atenci\u00f3n cuando el director anunci\u00f3 que se producir\u00eda una segunda entrega, repitiendo el reparto, incluido Ethan Hawke, quien interpretaba al asesino. Ahora, estrenada y vista, es momento de hablar de ella, centr\u00e1ndome sobre todo en las decisiones que se tomaron para poder retomar la historia, sabiendo c\u00f3mo termin\u00f3 la anterior.<\/p>\n\n\n\n<p>Aunque pudieron usarse diferentes recursos, como flashbacks o alucinaciones del protagonista debido al trauma, al ser esta una historia con tintes sobrenaturales se opt\u00f3 por dicho elemento para contarnos lo que ha vivido Finney despu\u00e9s de haberse librado de la muerte. Un joven con estr\u00e9s postraum\u00e1tico que recurre a la violencia para callar los recuerdos de lo vivido, mientras su hermana Gwen (Madeleine McGraw) \u2014quien gracias a sus habilidades ps\u00edquicas pudo ayudarlo en la entrega anterior\u2014 trata de apoyarlo mientras ella misma lucha contra ese don que considera una maldici\u00f3n.<\/p>\n\n\n\n<p>En medio de esto, ambos ser\u00e1n acosados por presencias del pasado que los llevan a terminar en el Campamento Lago Alpino, lugar donde su madre fallecida trabaj\u00f3 en su juventud y que parece estar ligado a The Grabber, quien ahora persigue a los protagonistas en forma de esp\u00edritu, ya sea por medio de llamadas telef\u00f3nicas con el protagonista o durante los sue\u00f1os de la joven. Con el tiempo en contra, deber\u00e1n descubrir el misterio que se esconde en ese lugar antes de que el asesino termine con ellos.<\/p>\n\n\n\n<p>OK, si yo hubiera sido el encargado de tomar la decisi\u00f3n de hacer o no esta secuela, la respuesta habr\u00eda sido totalmente negativa, pero la cinta ya existe y no se puede hacer nada al respecto. Esto no lo digo porque sea una mala producci\u00f3n \u2014ya que no lo es\u2014, sino porque creo que no era necesaria en lo m\u00e1s m\u00ednimo. Sabemos que a los fans del terror nos encantan las sagas de este estilo, aun sabiendo de antemano que ser\u00e1n en su mayor\u00eda decepcionantes, pero aun as\u00ed corremos a consumirlas como adictos al crack. Este no es uno de esos casos: la cinta funciona y es efectiva hasta cierto punto, pero debido a las decisiones tomadas se siente que estamos ante algo completamente diferente, un producto que se aferra a lo que puede para unirla con la anterior, aunque no de una forma muy org\u00e1nica.<\/p>\n\n\n\n<p>Pero primero hablemos de lo bueno que tiene la cinta, que es bastante, empezando con su atm\u00f3sfera. En una \u00e9poca en la que se critica la falta de esta, el mal uso de la iluminaci\u00f3n y el deficiente manejo del color, esta secuela logra repetir el \u00e9xito de su predecesora al retratar de manera fidedigna la \u00e9poca en que se desarrolla \u2014los 80, en esta ocasi\u00f3n\u2014. El manejo de c\u00e1mara y el uso de diferentes filtros y granos para distinguir la realidad del plano on\u00edrico son por dem\u00e1s acertados, despejando cualquier duda de que P\u00e4r M. Ekberg ha sido un excelente sustituto para el cinemat\u00f3grafo anterior, quien debe encontrarse ocupado con la \u00faltima temporada de Stranger Things. Esto, sumado a la m\u00fasica compuesta por Atticus Derrickson (otro reemplazo) y el dise\u00f1o de producci\u00f3n de Patti Podesta (quien s\u00ed repite de la cinta previa), dota a la pel\u00edcula de lo necesario para transmitir la \u00e9poca, el clima, el estado de \u00e1nimo y todo lo que debe tener una cinta \u2014de este o cualquier g\u00e9nero\u2014 para volverla cre\u00edble, sin importar la historia que se nos proyecte en pantalla. Para una pel\u00edcula de este tama\u00f1o, con este presupuesto, sus aspectos t\u00e9cnicos est\u00e1n m\u00e1s que logrados y son su principal punto a favor.<\/p>\n\n\n\n<p>Otro aspecto destacable es la evoluci\u00f3n en las interpretaciones de los actores principales, sobre todo en el caso de Madeleine McGraw, que ha pasado de ser una ni\u00f1a secundaria a una adolescente coprotagonista y al personaje alrededor del que gira toda la trama. Se nota su madurez como actriz, y se agradece el hecho de no haber perdido el talento, como sucede con muchos ni\u00f1os actores al pasar a la siguiente etapa. Mason Thames es caso aparte, ya que viene de protagonizar el live action de How to Train Your Dragon y nunca se ha dudado de su capacidad. Entre ambos comparten las escenas de mayor carga emocional, saliendo airosos a pesar de no contar con las mejores l\u00edneas o el manejo m\u00e1s preciso de la escena por parte del director (cosa que comentar\u00e9 m\u00e1s adelante).<\/p>\n\n\n\n<p>Puntos extra merece el joven Miguel Mora, quien ha aparecido en ambas pel\u00edculas interpretando diferentes personajes, siendo en esta ocasi\u00f3n el de Ernesto, el t\u00edmido hermano menor del valiente y rudo Robin que ayud\u00f3 al protagonista durante su cautiverio. Si uno no supiera que se trata del mismo actor, podr\u00eda creer sin problema que es otro, debido al cambio tanto f\u00edsico como emocional que proyecta en este papel.<\/p>\n\n\n\n<p>El caso de Ethan Hawke resulta curioso, ya que, a pesar de interpretar al mismo personaje, tal vez por aparecer menos tiempo o por los cambios realizados en su l\u00ednea argumental, ha perdido parte del siniestro impacto que logr\u00f3 proyectar en la primera parte. Sigue funcionando y cumpliendo, pero ya no transmite el mismo terror que facilitaba no conocerlo en la entrega anterior.<\/p>\n\n\n\n<p>Del resto del reparto no hay mucho que decir, incluido Demi\u00e1n Bichir, que parece estar ah\u00ed solo para cobrar el cheque, o Jeremy Davies, con quien de nuevo no hacen gran cosa. Este es un circo de dos personajes y un fantasma, lo cual no es malo en s\u00ed mismo, pero s\u00ed algo que pudo haberse manejado mejor.<\/p>\n\n\n\n<p>Esto nos lleva al punto que suele ser el tal\u00f3n de Aquiles de muchas producciones: el guion. En este caso ni siquiera es malo como tal; se nota el esfuerzo por continuar la historia dentro de lo posible, con las l\u00edneas planteadas en la primera parte. El problema es que hay cuestiones que no ayudan a la fluidez ni al ritmo de la pel\u00edcula. Tomando en cuenta que, t\u00e9cnicamente, transformaron a The Grabber en una versi\u00f3n m\u00e1s vers\u00e1til de Freddy Krueger \u2014pues tanto ataca en sue\u00f1os, como se comunica con los que no duermen\u2014, la falta de reglas establecidas o limitaciones para su personaje provoca momentos que parecen sacados de la manga para beneficio del guion. Lo mismo ocurre con las visiones de Gwen, que pasan de requerir movimiento a no necesitarlo para poder comunicarse en el tiempo con otros personajes, sin mayor explicaci\u00f3n. El que, de repente, los personajes puedan enfrentarse f\u00edsicamente a un espectro y llegar a herirlo es otro punto que no termina de tener sentido tras lo visto a lo largo del metraje, dando la impresi\u00f3n de que ni los propios guionistas sab\u00edan hacia d\u00f3nde quer\u00edan apuntar.<\/p>\n\n\n\n<p>Por todo lo anterior, puedo decir que The Black Phone 2 es una pel\u00edcula que funciona a medias y que, por lo mismo, termina diluyendo el impacto de la primera, con un desarrollo pobre de ciertas l\u00edneas y personajes desaprovechados en su mayor\u00eda. Entretenida, s\u00ed, pero la pondr\u00eda varios escalones abajo de una primera parte que no necesitaba continuaci\u00f3n. La taquilla dir\u00e1 si volveremos a ver a estos personajes, pero en lo personal, espero que decidan dejar la saga hasta aqu\u00ed.<\/p>\n","protected":false},"excerpt":{"rendered":"<p>The Black Phone es una pel\u00edcula de terror sobrenatural de 2021, dirigida por Scott Derrickson y basada en un cuento escrito por Joe Hill. Tuvo un \u00e9xito considerable en taquilla &hellip; <a href=\"https:\/\/lavereda.com.mx\/index.php\/2025\/10\/25\/the-black-phone-2-2025\/\" class=\"more-link\">Leer m\u00e1s<\/a><\/p>\n","protected":false},"author":13,"featured_media":7230,"comment_status":"open","ping_status":"open","sticky":false,"template":"","format":"standard","meta":{"footnotes":""},"categories":[6,7],"tags":[180],"class_list":["post-7229","post","type-post","status-publish","format-standard","has-post-thumbnail","hentry","category-cinetv","category-entretenimiento","tag-cine-de-terror","entry"],"_links":{"self":[{"href":"https:\/\/lavereda.com.mx\/index.php\/wp-json\/wp\/v2\/posts\/7229","targetHints":{"allow":["GET"]}}],"collection":[{"href":"https:\/\/lavereda.com.mx\/index.php\/wp-json\/wp\/v2\/posts"}],"about":[{"href":"https:\/\/lavereda.com.mx\/index.php\/wp-json\/wp\/v2\/types\/post"}],"author":[{"embeddable":true,"href":"https:\/\/lavereda.com.mx\/index.php\/wp-json\/wp\/v2\/users\/13"}],"replies":[{"embeddable":true,"href":"https:\/\/lavereda.com.mx\/index.php\/wp-json\/wp\/v2\/comments?post=7229"}],"version-history":[{"count":1,"href":"https:\/\/lavereda.com.mx\/index.php\/wp-json\/wp\/v2\/posts\/7229\/revisions"}],"predecessor-version":[{"id":7231,"href":"https:\/\/lavereda.com.mx\/index.php\/wp-json\/wp\/v2\/posts\/7229\/revisions\/7231"}],"wp:featuredmedia":[{"embeddable":true,"href":"https:\/\/lavereda.com.mx\/index.php\/wp-json\/wp\/v2\/media\/7230"}],"wp:attachment":[{"href":"https:\/\/lavereda.com.mx\/index.php\/wp-json\/wp\/v2\/media?parent=7229"}],"wp:term":[{"taxonomy":"category","embeddable":true,"href":"https:\/\/lavereda.com.mx\/index.php\/wp-json\/wp\/v2\/categories?post=7229"},{"taxonomy":"post_tag","embeddable":true,"href":"https:\/\/lavereda.com.mx\/index.php\/wp-json\/wp\/v2\/tags?post=7229"}],"curies":[{"name":"wp","href":"https:\/\/api.w.org\/{rel}","templated":true}]}}