{"id":7206,"date":"2025-10-11T01:38:24","date_gmt":"2025-10-11T01:38:24","guid":{"rendered":"https:\/\/lavereda.com.mx\/?p=7206"},"modified":"2025-10-11T01:38:25","modified_gmt":"2025-10-11T01:38:25","slug":"black-rabbit","status":"publish","type":"post","link":"https:\/\/lavereda.com.mx\/index.php\/2025\/10\/11\/black-rabbit\/","title":{"rendered":"Black Rabbit"},"content":{"rendered":"\n<p>Black Rabbit (2025)<\/p>\n\n\n\n<p>Netflix<\/p>\n\n\n\n<p>La serie de ocho cap\u00edtulos explora, en esta primera temporada, la relaci\u00f3n complicad\u00edsima entre dos hermanos de personalidades opuestas. Jake (Jude Law) es empresario exitoso, due\u00f1o de uno de los restaurantes de moda en Nueva York. Su hermano Vince (Jason Bateman) regresa a la ciudad despu\u00e9s de un largo autoexilio, solo para arruinarle la vida. Este tipo, irresponsable y jugador, tiene cuentas pendientes con la mafia y para evitar que lo maten el hermano asume la deuda.<\/p>\n\n\n\n<p>La decisi\u00f3n hace que los dos se metan en problemas m\u00e1s complicados a\u00fan, que involucran a las personas que est\u00e1n cerca de ellos.<\/p>\n\n\n\n<p>De ritmo irregular la serie emplea mucho tiempo en largos di\u00e1logos, que mezclan con intensas escenas de acci\u00f3n, principalmente persecuciones y algunos intercambios de fuego, en un ambiente pesad\u00edsimo, entre expertos del chantaje y la extorsi\u00f3n, y personas desesperadas que pueden urdir cualquier plan para salvarse.<\/p>\n\n\n\n<p>Es interesante, pero no para todos los gustos.<\/p>\n\n\n\n<p>(R. Restringido; menores de 17 deben estar acompa\u00f1ados de sus padres)<\/p>\n\n\n\n<p>@LucianoCamposG<\/p>\n\n\n\n<figure class=\"wp-block-embed is-type-video is-provider-youtube wp-block-embed-youtube wp-embed-aspect-16-9 wp-has-aspect-ratio\"><div class=\"wp-block-embed__wrapper\">\n<iframe title=\"Black Rabbit | Tr\u00e1iler oficial | Netflix\" width=\"1170\" height=\"658\" src=\"https:\/\/www.youtube.com\/embed\/T-A_mNuByQQ?feature=oembed\" frameborder=\"0\" allow=\"accelerometer; autoplay; clipboard-write; encrypted-media; gyroscope; picture-in-picture; web-share\" referrerpolicy=\"strict-origin-when-cross-origin\" allowfullscreen><\/iframe>\n<\/div><\/figure>\n","protected":false},"excerpt":{"rendered":"<p>Black Rabbit (2025) Netflix La serie de ocho cap\u00edtulos explora, en esta primera temporada, la relaci\u00f3n complicad\u00edsima entre dos hermanos de personalidades opuestas. Jake (Jude Law) es empresario exitoso, due\u00f1o &hellip; <a href=\"https:\/\/lavereda.com.mx\/index.php\/2025\/10\/11\/black-rabbit\/\" class=\"more-link\">Leer m\u00e1s<\/a><\/p>\n","protected":false},"author":3,"featured_media":7207,"comment_status":"open","ping_status":"open","sticky":false,"template":"","format":"standard","meta":{"footnotes":""},"categories":[6],"tags":[56,68],"class_list":["post-7206","post","type-post","status-publish","format-standard","has-post-thumbnail","hentry","category-cinetv","tag-netflix","tag-series","entry"],"_links":{"self":[{"href":"https:\/\/lavereda.com.mx\/index.php\/wp-json\/wp\/v2\/posts\/7206","targetHints":{"allow":["GET"]}}],"collection":[{"href":"https:\/\/lavereda.com.mx\/index.php\/wp-json\/wp\/v2\/posts"}],"about":[{"href":"https:\/\/lavereda.com.mx\/index.php\/wp-json\/wp\/v2\/types\/post"}],"author":[{"embeddable":true,"href":"https:\/\/lavereda.com.mx\/index.php\/wp-json\/wp\/v2\/users\/3"}],"replies":[{"embeddable":true,"href":"https:\/\/lavereda.com.mx\/index.php\/wp-json\/wp\/v2\/comments?post=7206"}],"version-history":[{"count":1,"href":"https:\/\/lavereda.com.mx\/index.php\/wp-json\/wp\/v2\/posts\/7206\/revisions"}],"predecessor-version":[{"id":7208,"href":"https:\/\/lavereda.com.mx\/index.php\/wp-json\/wp\/v2\/posts\/7206\/revisions\/7208"}],"wp:featuredmedia":[{"embeddable":true,"href":"https:\/\/lavereda.com.mx\/index.php\/wp-json\/wp\/v2\/media\/7207"}],"wp:attachment":[{"href":"https:\/\/lavereda.com.mx\/index.php\/wp-json\/wp\/v2\/media?parent=7206"}],"wp:term":[{"taxonomy":"category","embeddable":true,"href":"https:\/\/lavereda.com.mx\/index.php\/wp-json\/wp\/v2\/categories?post=7206"},{"taxonomy":"post_tag","embeddable":true,"href":"https:\/\/lavereda.com.mx\/index.php\/wp-json\/wp\/v2\/tags?post=7206"}],"curies":[{"name":"wp","href":"https:\/\/api.w.org\/{rel}","templated":true}]}}