{"id":7172,"date":"2025-10-03T14:40:36","date_gmt":"2025-10-03T14:40:36","guid":{"rendered":"https:\/\/lavereda.com.mx\/?p=7172"},"modified":"2025-10-03T16:23:06","modified_gmt":"2025-10-03T16:23:06","slug":"anuncian-encuentro-biocultural-en-honor-a-magdalena-briones","status":"publish","type":"post","link":"https:\/\/lavereda.com.mx\/index.php\/2025\/10\/03\/anuncian-encuentro-biocultural-en-honor-a-magdalena-briones\/","title":{"rendered":"Anuncian Encuentro Biocultural en honor a Magdalena Briones"},"content":{"rendered":"\n<p>Este jueves fue presentado \u00abCircular, encuentro Biocultural Magda Briones\u00bb en homenaje a la activista ambiental y bailarina de danza espa\u00f1ola Magdalena Briones Navarro, que se realizar\u00e1 durante los meses de octubre y noviembre.<\/p>\n\n\n\n<p>Entre los organizadores de este encuentro se encuentra el Doctor Carlos G\u00f3mez, la actriz Martha Ch\u00e1vez, entre otros. El encuentro tiene la finalidad de recordar el legado de Magda Briones en defensa del medio ambiente y del agua principalmente, as\u00ed como su carrera art\u00edstica en la danza y en la escritura.<\/p>\n\n\n\n<p>El programa inicia este viernes 3 de octubre con un panel de discusi\u00f3n con los representantes de asociaciones civiles ambientales y mesas de trabajo<strong> <\/strong>en la Universidad Iberoamericana de 8:00 horas a 12:00 horas.<\/p>\n\n\n\n<p>Despu\u00e9s se realizar\u00e1 el conversatorio: \u00a8Migraci\u00f3n en La Laguna, proceso e importancia ayer, hoy y siempre\u00a8 en la facultad de Ciencias Pol\u00edticas y Sociales de la Universidad Aut\u00f3noma de Coahuila de 12:00 horas a 14:00 horas.<\/p>\n\n\n\n<p>El s\u00e1bado habr\u00e1 un recorrido por el Ca\u00f1\u00f3n de Fern\u00e1ndez, Reserva Natural Protegida.<\/p>\n\n\n\n<p>Las actividades continuar\u00e1n el 27 de noviembre con un programa art\u00edstico y cultural que incluir\u00e1 la entrega de una presea, un performance a cargo de la actriz Martha Ch\u00e1vez, una exposici\u00f3n art\u00edstica, un taller de canto de cardenche con Diana R\u00edos, entre otros eventos.<\/p>\n\n\n\n<p>TRAYECTORIA<\/p>\n\n\n\n<p>Magda Briones (1926-2022)&nbsp;naci\u00f3 en la Ciudad de Durango, pero a partir de los dos a\u00f1os comenz\u00f3 a radicar en Torre\u00f3n.&nbsp;Desde adolescente empez\u00f3 a bailar danzas espa\u00f1olas, despu\u00e9s fue creadora de sus propias coreograf\u00edas y hasta los 24 a\u00f1os viaj\u00f3 a Espa\u00f1a a estudiar formalmente. Form\u00f3 una academia y un ballet con el que se present\u00f3 con mucho \u00e9xito en distintos foros regionales y nacionales.<\/p>\n\n\n\n<p>Tambi\u00e9n incursion\u00f3 en la dramaturgia, la escritura la investigaci\u00f3n y en la lucha en favor del medio ambiente. Desde distintas disciplinas art\u00edsticas y human\u00edsticas, Magda Briones demostr\u00f3 su compromiso social y se convirti\u00f3 en un referente cultural en la regi\u00f3n.<\/p>\n\n\n\n<p>De acuerdo con datos del libro \u201cMagda Briones, por amor a la danza y a la tierra\u201d de Adriana Vargas,&nbsp;fue maestra de Pilar Rioja, estudi\u00f3 sociolog\u00eda en la UNAM, Fue la primera directora de la Casa de la Cultura de Torre\u00f3n, maestra de tiempo completo en Ciencias Pol\u00edticas de la Universidad Aut\u00f3noma de Coahuila.<\/p>\n\n\n\n<p>IMPORTANCIA SOCIAL<\/p>\n\n\n\n<p>El doctor Carlos G\u00f3mez, organizador de este encuentro coment\u00f3 que tiene la finalidad de \u00abdetonar todo lo que tiene que ve con problem\u00e1ticas laguneras, fortalecer la inteligencia colectiva, aprovechar la figura emblem\u00e1tica de Magda Briones como un homenaje a la mujer, al ser humano que fue, ella luch\u00f3 mucho para que no se almacenara el agua del Nazas, porque eso iba a afectar el acu\u00edfero. Ahora de manera muy natural la sociedad civil genera las pol\u00edticas publicas  y est\u00e1 trabajando para que el rio vuelva a su cauce\u00bb.<\/p>\n","protected":false},"excerpt":{"rendered":"<p>Este jueves fue presentado \u00abCircular, encuentro Biocultural Magda Briones\u00bb en homenaje a la activista ambiental y bailarina de danza espa\u00f1ola Magdalena Briones Navarro, que se realizar\u00e1 durante los meses de &hellip; <a href=\"https:\/\/lavereda.com.mx\/index.php\/2025\/10\/03\/anuncian-encuentro-biocultural-en-honor-a-magdalena-briones\/\" class=\"more-link\">Leer m\u00e1s<\/a><\/p>\n","protected":false},"author":9,"featured_media":7185,"comment_status":"open","ping_status":"open","sticky":false,"template":"","format":"standard","meta":{"footnotes":""},"categories":[8],"tags":[259],"class_list":["post-7172","post","type-post","status-publish","format-standard","has-post-thumbnail","hentry","category-sociedad","tag-magdalena-briones","entry"],"_links":{"self":[{"href":"https:\/\/lavereda.com.mx\/index.php\/wp-json\/wp\/v2\/posts\/7172","targetHints":{"allow":["GET"]}}],"collection":[{"href":"https:\/\/lavereda.com.mx\/index.php\/wp-json\/wp\/v2\/posts"}],"about":[{"href":"https:\/\/lavereda.com.mx\/index.php\/wp-json\/wp\/v2\/types\/post"}],"author":[{"embeddable":true,"href":"https:\/\/lavereda.com.mx\/index.php\/wp-json\/wp\/v2\/users\/9"}],"replies":[{"embeddable":true,"href":"https:\/\/lavereda.com.mx\/index.php\/wp-json\/wp\/v2\/comments?post=7172"}],"version-history":[{"count":3,"href":"https:\/\/lavereda.com.mx\/index.php\/wp-json\/wp\/v2\/posts\/7172\/revisions"}],"predecessor-version":[{"id":7177,"href":"https:\/\/lavereda.com.mx\/index.php\/wp-json\/wp\/v2\/posts\/7172\/revisions\/7177"}],"wp:featuredmedia":[{"embeddable":true,"href":"https:\/\/lavereda.com.mx\/index.php\/wp-json\/wp\/v2\/media\/7185"}],"wp:attachment":[{"href":"https:\/\/lavereda.com.mx\/index.php\/wp-json\/wp\/v2\/media?parent=7172"}],"wp:term":[{"taxonomy":"category","embeddable":true,"href":"https:\/\/lavereda.com.mx\/index.php\/wp-json\/wp\/v2\/categories?post=7172"},{"taxonomy":"post_tag","embeddable":true,"href":"https:\/\/lavereda.com.mx\/index.php\/wp-json\/wp\/v2\/tags?post=7172"}],"curies":[{"name":"wp","href":"https:\/\/api.w.org\/{rel}","templated":true}]}}