{"id":7169,"date":"2025-10-01T00:59:59","date_gmt":"2025-10-01T00:59:59","guid":{"rendered":"https:\/\/lavereda.com.mx\/?p=7169"},"modified":"2025-10-01T00:59:59","modified_gmt":"2025-10-01T00:59:59","slug":"anuncian-ganador-del-concurso-nacional-de-poesia-enriqueta-ochoa-2025","status":"publish","type":"post","link":"https:\/\/lavereda.com.mx\/index.php\/2025\/10\/01\/anuncian-ganador-del-concurso-nacional-de-poesia-enriqueta-ochoa-2025\/","title":{"rendered":"Anuncian ganador del Concurso Nacional de Poes\u00eda Enriqueta Ochoa 2025"},"content":{"rendered":"\n<p>El Instituto Municipal de Cultura y Educaci\u00f3n (IMCE), anunci\u00f3 al ganador del Concurso Nacional de Poes\u00eda Enriqueta Ochoa 2025, certamen que desde 1994 rinde homenaje a una de las voces m\u00e1s conmovedoras y personales de la literatura mexicana.<\/p>\n\n\n\n<p>En esta edici\u00f3n, se recibieron un total de 215 trabajos provenientes de diferentes partes de la rep\u00fablica y del extranjero. El jurado fue integrado por Marianne Toussaint, Margarito Cu\u00e9llar Z\u00e1rate y Jos\u00e9 Renato Tinajero Mallozzi resolvi\u00f3 por unanimidad otorgar el premio a la obra <strong><em>La isla que canta<\/em>, presentada bajo el seud\u00f3nimo Sr. Smee, del autor Julio C\u00e9sar Su\u00e1rez Cervantes<\/strong>, conocido en el \u00e1mbito literario como Julio Mar\u00eda.<\/p>\n\n\n\n<p>El poemario fue reconocido por su fuerza creadora y su manejo s\u00f3lido del lenguaje y los recursos po\u00e9ticos, al construir un palimpsesto entra\u00f1able y profundamente evocador en torno a la paternidad, la crianza y la fragilidad masculina. La voz po\u00e9tica, seg\u00fan destac\u00f3 el jurado, genera un universo simb\u00f3lico rico, capaz de recrearse con imaginaci\u00f3n y vigor en cada uno de los textos.<\/p>\n\n\n\n<p>El premio consiste en $100,000 pesos, diploma de reconocimiento y la publicaci\u00f3n de la obra, lo cual ser\u00e1 cubierto por el Municipio de Torre\u00f3n.<\/p>\n\n\n\n<p>Julio Mar\u00eda (Xalapa, 1990) es poeta y artista visual. Estudi\u00f3 Artes Visuales en la Facultad de Artes de la Universidad Veracruzana. Su trabajo busca generar di\u00e1logos entre las artes gr\u00e1ficas y la literatura. Ha recibido diversos apoyos y reconocimientos en ambas disciplinas: Premio Nacional de Poes\u00eda Punto de Partida UNAM (2014); becario de la Fundaci\u00f3n para las Letras Mexicanas en poes\u00eda (2014-2015); Menci\u00f3n Honor\u00edfica en la 3\u00aa Bienal de Arte de Veracruz (2016); becario de los est\u00edmulos PECDA (2020) y FONCA (2023) en las categor\u00edas de dibujo y poes\u00eda respectivamente. Su obra ha sido expuesta en festivales y galer\u00edas, as\u00ed como publicada en medios de M\u00e9xico y Latinoam\u00e9rica.<\/p>\n\n\n\n<p>El Concurso Nacional de Poes\u00eda Enriqueta Ochoa busca fomentar la creaci\u00f3n literaria y difundir productos culturales de impacto local, nacional e internacional, confirmando en esta edici\u00f3n su relevancia en el panorama literario del pa\u00eds.<\/p>\n","protected":false},"excerpt":{"rendered":"<p>El Instituto Municipal de Cultura y Educaci\u00f3n (IMCE), anunci\u00f3 al ganador del Concurso Nacional de Poes\u00eda Enriqueta Ochoa 2025, certamen que desde 1994 rinde homenaje a una de las voces &hellip; <a href=\"https:\/\/lavereda.com.mx\/index.php\/2025\/10\/01\/anuncian-ganador-del-concurso-nacional-de-poesia-enriqueta-ochoa-2025\/\" class=\"more-link\">Leer m\u00e1s<\/a><\/p>\n","protected":false},"author":1,"featured_media":7170,"comment_status":"open","ping_status":"open","sticky":false,"template":"","format":"standard","meta":{"footnotes":""},"categories":[5],"tags":[],"class_list":["post-7169","post","type-post","status-publish","format-standard","has-post-thumbnail","hentry","category-letras-y-libros","entry"],"_links":{"self":[{"href":"https:\/\/lavereda.com.mx\/index.php\/wp-json\/wp\/v2\/posts\/7169","targetHints":{"allow":["GET"]}}],"collection":[{"href":"https:\/\/lavereda.com.mx\/index.php\/wp-json\/wp\/v2\/posts"}],"about":[{"href":"https:\/\/lavereda.com.mx\/index.php\/wp-json\/wp\/v2\/types\/post"}],"author":[{"embeddable":true,"href":"https:\/\/lavereda.com.mx\/index.php\/wp-json\/wp\/v2\/users\/1"}],"replies":[{"embeddable":true,"href":"https:\/\/lavereda.com.mx\/index.php\/wp-json\/wp\/v2\/comments?post=7169"}],"version-history":[{"count":1,"href":"https:\/\/lavereda.com.mx\/index.php\/wp-json\/wp\/v2\/posts\/7169\/revisions"}],"predecessor-version":[{"id":7171,"href":"https:\/\/lavereda.com.mx\/index.php\/wp-json\/wp\/v2\/posts\/7169\/revisions\/7171"}],"wp:featuredmedia":[{"embeddable":true,"href":"https:\/\/lavereda.com.mx\/index.php\/wp-json\/wp\/v2\/media\/7170"}],"wp:attachment":[{"href":"https:\/\/lavereda.com.mx\/index.php\/wp-json\/wp\/v2\/media?parent=7169"}],"wp:term":[{"taxonomy":"category","embeddable":true,"href":"https:\/\/lavereda.com.mx\/index.php\/wp-json\/wp\/v2\/categories?post=7169"},{"taxonomy":"post_tag","embeddable":true,"href":"https:\/\/lavereda.com.mx\/index.php\/wp-json\/wp\/v2\/tags?post=7169"}],"curies":[{"name":"wp","href":"https:\/\/api.w.org\/{rel}","templated":true}]}}