{"id":7166,"date":"2025-09-27T19:36:38","date_gmt":"2025-09-27T19:36:38","guid":{"rendered":"https:\/\/lavereda.com.mx\/?p=7166"},"modified":"2025-09-27T19:37:13","modified_gmt":"2025-09-27T19:37:13","slug":"coahuilenses-ingresan-en-el-sistema-nacional-de-creadores-de-arte","status":"publish","type":"post","link":"https:\/\/lavereda.com.mx\/index.php\/2025\/09\/27\/coahuilenses-ingresan-en-el-sistema-nacional-de-creadores-de-arte\/","title":{"rendered":"Coahuilenses ingresan en el Sistema Nacional de Creadores de Arte"},"content":{"rendered":"\n<p>La Secretar\u00eda de Cultura del Gobierno de M\u00e9xico, a trav\u00e9s del Sistema de Apoyos a la Creaci\u00f3n, dio a conocer los resultados de la convocatoria del Sistema Nacional de Creadores de Arte (SNCA) 2025, dirigida a artistas mayores de 35 a\u00f1os para desarrollar distintos proyectos en disciplinas como: Arquitectura, Artes visuales, Artes y tradiciones populares, Composici\u00f3n musical, Coreograf\u00eda, Direcci\u00f3n en medios audiovisuales, Dramaturgia y Letras.<\/p>\n\n\n\n<p>En esta ocasi\u00f3n artistas coahuilenses, especialmente en la rama de letras, fueron seleccionados dentro del apoyo: <\/p>\n\n\n\n<p>En poes\u00eda destacan Claudia Berrueto, Mercedes Luna Fuentes y Jorge Valdez D\u00edaz Velez; mientras que en narrativa fueron seleccionados Carlos Vel\u00e1zquez y Juli\u00e1n Herbet.<\/p>\n\n\n\n<p>En artes visuales ser\u00e1n beneficiados los artistas Federico Jordan y Carlos Vielma.<\/p>\n\n\n\n<p>Durante tres a\u00f1os consecutivos, las y los 200&nbsp;creadores&nbsp;seleccionados recibir\u00e1n&nbsp;al mes&nbsp;un est\u00edmulo econ\u00f3mico de $32,173.00 (treinta y dos mil ciento setenta y tres pesos 00\/100 M.N.) para&nbsp;el desarrollo de su proyecto&nbsp;en una de las 25 especialidades a las que postularon.<\/p>\n\n\n\n<p>El&nbsp;SNCA&nbsp;es una de las vertientes de impulso a la comunidad cultural&nbsp;m\u00e1s importantes&nbsp;dentro del&nbsp;Sistema de Apoyos a la Creaci\u00f3n, pues fortalece la creaci\u00f3n en M\u00e9xico y robustece el patrimonio cultural y art\u00edstico del pa\u00eds.&nbsp;En l\u00ednea con los&nbsp;ejes de&nbsp;trabajo de la Secretar\u00eda de Cultura, el&nbsp;Sistema Nacional&nbsp;impulsa la participaci\u00f3n de las mujeres, que en&nbsp;la presente convocatoria&nbsp;representan 46 por ciento del total.<\/p>\n\n\n\n<p>Las Comisiones de selecci\u00f3n&nbsp;se integraron por 85 jurados. De ellos,&nbsp;73 desempe\u00f1aron por primera vez&nbsp;dicha&nbsp;funci\u00f3n, lo que representa 86 por ciento del total.<\/p>\n\n\n\n<p>La lista completa de proyectos seleccionados se puede consultar en la p\u00e1gina&nbsp;<a href=\"https:\/\/sistemacreacion.cultura.gob.mx\/\" target=\"_blank\" rel=\"noreferrer noopener\">sistemacreacion.cultura.gob.mx<\/a><\/p>\n\n\n\n<p><em>Foto: escritor lagunero Carlos Vel\u00e1zquez<\/em>.<\/p>\n","protected":false},"excerpt":{"rendered":"<p>La Secretar\u00eda de Cultura del Gobierno de M\u00e9xico, a trav\u00e9s del Sistema de Apoyos a la Creaci\u00f3n, dio a conocer los resultados de la convocatoria del Sistema Nacional de Creadores &hellip; <a href=\"https:\/\/lavereda.com.mx\/index.php\/2025\/09\/27\/coahuilenses-ingresan-en-el-sistema-nacional-de-creadores-de-arte\/\" class=\"more-link\">Leer m\u00e1s<\/a><\/p>\n","protected":false},"author":9,"featured_media":5863,"comment_status":"open","ping_status":"open","sticky":false,"template":"","format":"standard","meta":{"footnotes":""},"categories":[3,5],"tags":[],"class_list":["post-7166","post","type-post","status-publish","format-standard","has-post-thumbnail","hentry","category-artes-visuales","category-letras-y-libros","entry"],"_links":{"self":[{"href":"https:\/\/lavereda.com.mx\/index.php\/wp-json\/wp\/v2\/posts\/7166","targetHints":{"allow":["GET"]}}],"collection":[{"href":"https:\/\/lavereda.com.mx\/index.php\/wp-json\/wp\/v2\/posts"}],"about":[{"href":"https:\/\/lavereda.com.mx\/index.php\/wp-json\/wp\/v2\/types\/post"}],"author":[{"embeddable":true,"href":"https:\/\/lavereda.com.mx\/index.php\/wp-json\/wp\/v2\/users\/9"}],"replies":[{"embeddable":true,"href":"https:\/\/lavereda.com.mx\/index.php\/wp-json\/wp\/v2\/comments?post=7166"}],"version-history":[{"count":2,"href":"https:\/\/lavereda.com.mx\/index.php\/wp-json\/wp\/v2\/posts\/7166\/revisions"}],"predecessor-version":[{"id":7168,"href":"https:\/\/lavereda.com.mx\/index.php\/wp-json\/wp\/v2\/posts\/7166\/revisions\/7168"}],"wp:featuredmedia":[{"embeddable":true,"href":"https:\/\/lavereda.com.mx\/index.php\/wp-json\/wp\/v2\/media\/5863"}],"wp:attachment":[{"href":"https:\/\/lavereda.com.mx\/index.php\/wp-json\/wp\/v2\/media?parent=7166"}],"wp:term":[{"taxonomy":"category","embeddable":true,"href":"https:\/\/lavereda.com.mx\/index.php\/wp-json\/wp\/v2\/categories?post=7166"},{"taxonomy":"post_tag","embeddable":true,"href":"https:\/\/lavereda.com.mx\/index.php\/wp-json\/wp\/v2\/tags?post=7166"}],"curies":[{"name":"wp","href":"https:\/\/api.w.org\/{rel}","templated":true}]}}