{"id":7160,"date":"2025-09-27T16:32:02","date_gmt":"2025-09-27T16:32:02","guid":{"rendered":"https:\/\/lavereda.com.mx\/?p=7160"},"modified":"2025-09-27T16:32:02","modified_gmt":"2025-09-27T16:32:02","slug":"maria","status":"publish","type":"post","link":"https:\/\/lavereda.com.mx\/index.php\/2025\/09\/27\/maria\/","title":{"rendered":"Mar\u00eda"},"content":{"rendered":"\n<p>Maria (2024)<\/p>\n\n\n\n<p>Prime video<\/p>\n\n\n\n<p>Angelina Jolie hace una representaci\u00f3n impecable de Mar\u00eda Callas, la diva de la opera que llev\u00f3 una vida solitaria y triste, marcada por el romance prohibido con el magnate Aristoteles Onasis, y enclaustrada, al menguar sus facultades.<\/p>\n\n\n\n<p>La cinta biogr\u00e1fica del maestro Pablo Larrain tiene un formato irresistible, pues la cantante participa en entrevistas con periodistas que existen solo en su imaginaci\u00f3n, mientras va recreando pasajes de su intensa trayectoria, marcada por el \u00e9xito descomunal ocasionado por su voz celestial y su propensi\u00f3n a los esc\u00e1ndalos, pese a su personalidad retra\u00edda.<\/p>\n\n\n\n<p>El retrato de la estrella es compasivo. Junto a la asombrosa recreaci\u00f3n de la \u00e9poca, en Estados Unidos y Europa, hay un registro melanc\u00f3lico de una de las grandes figuras del arte, atrapada entre los recuerdos de esplendor, pero rodeada por el s\u00e9quito de fieles sirvientes que la toleran, mientras ven como se extrav\u00eda m\u00e1s y m\u00e1s, en sus delirios de decrepitud.<\/p>\n\n\n\n<p>Es una gran interpretaci\u00f3n de Jolie.<\/p>\n\n\n\n<p>(PG-13. Orientaci\u00f3n de los padres a menores de 13 a\u00f1os)<\/p>\n\n\n\n<p>@LucianoCamposG<\/p>\n\n\n\n<figure class=\"wp-block-embed is-type-video is-provider-youtube wp-block-embed-youtube wp-embed-aspect-16-9 wp-has-aspect-ratio\"><div class=\"wp-block-embed__wrapper\">\n<iframe title=\"Maria | Trailer Espa\u00f1ol Subtitulado (2025) \u203a Angelina Jolie\" width=\"1170\" height=\"658\" src=\"https:\/\/www.youtube.com\/embed\/VJ3zyo-LKiI?feature=oembed\" frameborder=\"0\" allow=\"accelerometer; autoplay; clipboard-write; encrypted-media; gyroscope; picture-in-picture; web-share\" referrerpolicy=\"strict-origin-when-cross-origin\" allowfullscreen><\/iframe>\n<\/div><\/figure>\n","protected":false},"excerpt":{"rendered":"<p>Maria (2024) Prime video Angelina Jolie hace una representaci\u00f3n impecable de Mar\u00eda Callas, la diva de la opera que llev\u00f3 una vida solitaria y triste, marcada por el romance prohibido &hellip; <a href=\"https:\/\/lavereda.com.mx\/index.php\/2025\/09\/27\/maria\/\" class=\"more-link\">Leer m\u00e1s<\/a><\/p>\n","protected":false},"author":3,"featured_media":7162,"comment_status":"open","ping_status":"open","sticky":false,"template":"","format":"standard","meta":{"footnotes":""},"categories":[6],"tags":[40,258],"class_list":["post-7160","post","type-post","status-publish","format-standard","has-post-thumbnail","hentry","category-cinetv","tag-cine","tag-maria-callas","entry"],"_links":{"self":[{"href":"https:\/\/lavereda.com.mx\/index.php\/wp-json\/wp\/v2\/posts\/7160","targetHints":{"allow":["GET"]}}],"collection":[{"href":"https:\/\/lavereda.com.mx\/index.php\/wp-json\/wp\/v2\/posts"}],"about":[{"href":"https:\/\/lavereda.com.mx\/index.php\/wp-json\/wp\/v2\/types\/post"}],"author":[{"embeddable":true,"href":"https:\/\/lavereda.com.mx\/index.php\/wp-json\/wp\/v2\/users\/3"}],"replies":[{"embeddable":true,"href":"https:\/\/lavereda.com.mx\/index.php\/wp-json\/wp\/v2\/comments?post=7160"}],"version-history":[{"count":1,"href":"https:\/\/lavereda.com.mx\/index.php\/wp-json\/wp\/v2\/posts\/7160\/revisions"}],"predecessor-version":[{"id":7161,"href":"https:\/\/lavereda.com.mx\/index.php\/wp-json\/wp\/v2\/posts\/7160\/revisions\/7161"}],"wp:featuredmedia":[{"embeddable":true,"href":"https:\/\/lavereda.com.mx\/index.php\/wp-json\/wp\/v2\/media\/7162"}],"wp:attachment":[{"href":"https:\/\/lavereda.com.mx\/index.php\/wp-json\/wp\/v2\/media?parent=7160"}],"wp:term":[{"taxonomy":"category","embeddable":true,"href":"https:\/\/lavereda.com.mx\/index.php\/wp-json\/wp\/v2\/categories?post=7160"},{"taxonomy":"post_tag","embeddable":true,"href":"https:\/\/lavereda.com.mx\/index.php\/wp-json\/wp\/v2\/tags?post=7160"}],"curies":[{"name":"wp","href":"https:\/\/api.w.org\/{rel}","templated":true}]}}