{"id":7150,"date":"2025-09-25T02:21:56","date_gmt":"2025-09-25T02:21:56","guid":{"rendered":"https:\/\/lavereda.com.mx\/?p=7150"},"modified":"2025-09-25T02:21:57","modified_gmt":"2025-09-25T02:21:57","slug":"confirman-obra-de-sandro-botticelli-en-el-museo-nacional-de-san-carlos","status":"publish","type":"post","link":"https:\/\/lavereda.com.mx\/index.php\/2025\/09\/25\/confirman-obra-de-sandro-botticelli-en-el-museo-nacional-de-san-carlos\/","title":{"rendered":"Confirman obra de Sandro Botticelli\u00a0en el Museo Nacional de San Carlos"},"content":{"rendered":"\n<ul class=\"wp-block-list\">\n<li><strong>La investigaci\u00f3n del historiador Christopher Daly, del Metropolitan Museum of Art, confirma que&nbsp;<em>La Sagrada Familia<\/em>&nbsp;es un original del pintor renacentista<\/strong><\/li>\n<\/ul>\n\n\n\n<p>Con base en estudios t\u00e9cnicos \u2013realizados por el historiador del arte Christopher Daly, del Metropolitan Museum of Art, de Nueva York, Estados Unidos\u2013, la obra\u00a0<em>La Sagrada Familia<\/em>\u00a0\u2013que forma parte de la colecci\u00f3n del Museo Nacional de San Carlos (MNSC), del Instituto Nacional de Bellas Artes y Literatura (INBAL)\u00a0\u00a0se confirma como una creaci\u00f3n original del pintor renacentista Sandro Botticelli (Florencia, Italia, 1445-1510).<\/p>\n\n\n\n<p>La investigaci\u00f3n, publicada&nbsp;este&nbsp;mes en&nbsp;<em>The Burlington Magazine<\/em>, indica que la pintura es un fragmento de una obra mayor que representaba&nbsp;<em>La adoraci\u00f3n de los magos<\/em>, realizada por Botticelli y su taller durante la d\u00e9cada de 1490. Con ello, el MNSC resguarda un tesoro renacentista \u00fanico, ya que solo existen tres obras originales de Botticelli en el continente, y&nbsp;dicha pieza&nbsp;es la \u00fanica en Latinoam\u00e9rica.<\/p>\n\n\n\n<p>La pintura, temple sobre tabla de 51.3 x 38 cm, sin marco, considerada perdida durante d\u00e9cadas, forma parte del acervo del museo desde 1971. Tras un meticuloso an\u00e1lisis, se confirm\u00f3 tanto su calidad art\u00edstica como su lugar dentro del cat\u00e1logo de Botticelli.<\/p>\n\n\n\n<p>La obra pertenec\u00eda a los herederos del empresario Wenner-Gren, quienes la conservaron hasta 1971, a\u00f1o en que la donaron al Gobierno Mexicano como parte de un conjunto de creaciones de antiguos maestros. La donaci\u00f3n se incorpor\u00f3 a la colecci\u00f3n nacional de arte europeo, que resguarda el MNSC y se conmemor\u00f3 con un peque\u00f1o cat\u00e1logo sin paginar,&nbsp;<em>Museo de San Carlos (Sala de Exposiciones Temporales), Ciudad de M\u00e9xico, 1971<\/em>, en el cual la pieza de Botticelli aparece con el n\u00famero de cat\u00e1logo 2, como \u00abSandro Botticelli (atrib.)\u00bb.&nbsp;<\/p>\n\n\n\n<p>El director del museo, Jorge Reynoso Pohlenz, coment\u00f3: \u201cEs una excelente noticia que la obra se encuentre en M\u00e9xico, dentro de los acervos del Museo Nacional de San Carlos, que provienen, en su momento, de los acervos de la antigua Academia de San Carlos\u201d.<\/p>\n\n\n\n<p>Hasta ahora, la obra se atribu\u00eda al \u201cc\u00edrculo de Botticelli\u201d, pero los estudios recientes confirman que pertenece directamente al maestro florentino.&nbsp;El&nbsp;hallazgo es relevante para el INBAL y el MNSC, ya que la atribuci\u00f3n se realiz\u00f3 en colaboraci\u00f3n con especialistas europeos y estadounidenses, quienes concluyeron que las caracter\u00edsticas de la pintura corresponden al estilo del Renacimiento italiano.<\/p>\n\n\n\n<p>El director&nbsp;a\u00f1adi\u00f3&nbsp;que las obras de Botticelli son escasas, pues&nbsp;muchas fueron destruidas en Florencia por \u00f3rdenes de gobernantes. Fuera de Italia, en Am\u00e9rica se encuentran una en la Galer\u00eda Nacional de Washington y otra en el Museo de Arte de San Francisco, ambos recintos en Estados Unidos.<\/p>\n\n\n\n<p>Reynoso Pohlenz explic\u00f3 que la atribuci\u00f3n de las obras del acervo se enriquece con el tiempo, gracias a la disponibilidad de m\u00e1s elementos de estudio, instrumentos cient\u00edficos avanzados y mayor comunicaci\u00f3n entre especialistas.<\/p>\n\n\n\n<p>\u201cEn realidad, uno de los aspectos m\u00e1s importantes es que la colecci\u00f3n en su origen se hizo para generar un par\u00e1metro estil\u00edstico para los estudiantes de artes y, en ese sentido, la funci\u00f3n did\u00e1ctica de esta obra no cambia a la que se ten\u00eda antes de ser atribuida a Botticelli\u201d.<\/p>\n\n\n\n<p>El especialista en arte renacentista Christopher Daly, en su investigaci\u00f3n, resalta la calidad pict\u00f3rica de la obra: \u201cPresenta un delicado tratamiento de la pintura visible en las zonas mejor conservadas\u201d. Asimismo, destaca la consistencia granulada de la pintura, caracter\u00edstica de las figuras peque\u00f1as de Botticelli de principios y mediados de la d\u00e9cada de 1490.<\/p>\n\n\n\n<p>Si se considera que la obra pudo ser pintada por asistentes de Botticelli en su taller, no se podr\u00eda negar que se hiciera bajo la supervisi\u00f3n del maestro y, por lo tanto, considerarse un Botticelli. Por su alta calidad y por ser un fragmento de una obra mayor, la pintura del MNSC merece integrarse al corpus del maestro florentino.<\/p>\n\n\n\n<blockquote class=\"wp-block-quote is-layout-flow wp-block-quote-is-layout-flow\">\n<p>\u201cEste hallazgo nos recuerda la importancia de seguir estudiando el acervo, ya que incluso las obras m\u00e1s conocidas pueden revelar nuevas historias\u201d, coment\u00f3 el director del MNSC.<\/p>\n<\/blockquote>\n\n\n\n<p>Para conocer m\u00e1s detalles, el art\u00edculo completo de la investigaci\u00f3n est\u00e1 disponible en el sitio electr\u00f3nico de&nbsp;<em><a href=\"https:\/\/www.burlington.org.uk\/\" target=\"_blank\" rel=\"noreferrer noopener\">The Burlington Magazine.&nbsp;<\/a><\/em>&nbsp;<\/p>\n\n\n\n<p><em>La Sagrada Familia<\/em>, de Botticelli,&nbsp;se&nbsp;puede apreciar&nbsp;en la exposici\u00f3n&nbsp;<em>(Des)ordenar la colecci\u00f3n desde el g\u00e9nero<\/em>, que&nbsp;se encuentra&nbsp;en el Museo Nacional de San Carlos, propuesta museol\u00f3gica que invita a repensar y \u201cdesordenar\u201d de manera cronol\u00f3gica y estil\u00edstica la colecci\u00f3n del recinto, para posteriormente \u201cordenarla\u201d desde tem\u00e1ticas planteadas con perspectiva de g\u00e9nero.<\/p>\n","protected":false},"excerpt":{"rendered":"<p>Con base en estudios t\u00e9cnicos \u2013realizados por el historiador del arte Christopher Daly, del Metropolitan Museum of Art, de Nueva York, Estados Unidos\u2013, la obra\u00a0La Sagrada Familia\u00a0\u2013que forma parte de &hellip; <a href=\"https:\/\/lavereda.com.mx\/index.php\/2025\/09\/25\/confirman-obra-de-sandro-botticelli-en-el-museo-nacional-de-san-carlos\/\" class=\"more-link\">Leer m\u00e1s<\/a><\/p>\n","protected":false},"author":1,"featured_media":7158,"comment_status":"open","ping_status":"open","sticky":false,"template":"","format":"standard","meta":{"footnotes":""},"categories":[3],"tags":[256,257],"class_list":["post-7150","post","type-post","status-publish","format-standard","has-post-thumbnail","hentry","category-artes-visuales","tag-boticelli","tag-la-sagrada-familia","entry"],"_links":{"self":[{"href":"https:\/\/lavereda.com.mx\/index.php\/wp-json\/wp\/v2\/posts\/7150","targetHints":{"allow":["GET"]}}],"collection":[{"href":"https:\/\/lavereda.com.mx\/index.php\/wp-json\/wp\/v2\/posts"}],"about":[{"href":"https:\/\/lavereda.com.mx\/index.php\/wp-json\/wp\/v2\/types\/post"}],"author":[{"embeddable":true,"href":"https:\/\/lavereda.com.mx\/index.php\/wp-json\/wp\/v2\/users\/1"}],"replies":[{"embeddable":true,"href":"https:\/\/lavereda.com.mx\/index.php\/wp-json\/wp\/v2\/comments?post=7150"}],"version-history":[{"count":2,"href":"https:\/\/lavereda.com.mx\/index.php\/wp-json\/wp\/v2\/posts\/7150\/revisions"}],"predecessor-version":[{"id":7159,"href":"https:\/\/lavereda.com.mx\/index.php\/wp-json\/wp\/v2\/posts\/7150\/revisions\/7159"}],"wp:featuredmedia":[{"embeddable":true,"href":"https:\/\/lavereda.com.mx\/index.php\/wp-json\/wp\/v2\/media\/7158"}],"wp:attachment":[{"href":"https:\/\/lavereda.com.mx\/index.php\/wp-json\/wp\/v2\/media?parent=7150"}],"wp:term":[{"taxonomy":"category","embeddable":true,"href":"https:\/\/lavereda.com.mx\/index.php\/wp-json\/wp\/v2\/categories?post=7150"},{"taxonomy":"post_tag","embeddable":true,"href":"https:\/\/lavereda.com.mx\/index.php\/wp-json\/wp\/v2\/tags?post=7150"}],"curies":[{"name":"wp","href":"https:\/\/api.w.org\/{rel}","templated":true}]}}