{"id":7147,"date":"2025-09-23T00:34:36","date_gmt":"2025-09-23T00:34:36","guid":{"rendered":"https:\/\/lavereda.com.mx\/?p=7147"},"modified":"2025-09-23T00:34:36","modified_gmt":"2025-09-23T00:34:36","slug":"presentan-el-primer-festival-literario-de-autoras","status":"publish","type":"post","link":"https:\/\/lavereda.com.mx\/index.php\/2025\/09\/23\/presentan-el-primer-festival-literario-de-autoras\/","title":{"rendered":"Presentan el primer Festival Literario de Autoras"},"content":{"rendered":"\n<ul class=\"wp-block-list\">\n<li><em>Con el festival el proyecto cultural Otroras celebra su primer aniversario<\/em><\/li>\n<\/ul>\n\n\n\n<p>Con el prop\u00f3sito de visibilizar y celebrar la literatura escrita por mujeres, Otroras organiza la primera edici\u00f3n del Festival Literario de Autoras, un encuentro cultural que conmemora su primer aniversario y que reunir\u00e1 a escritoras locales, regionales y nacionales los d\u00edas 2 y 3 de octubre en el \u00c1gora de la Biblioteca de la Universidad Iberoamericana Torre\u00f3n.<\/p>\n\n\n\n<p>El festival busca consolidar un espacio de di\u00e1logo y reflexi\u00f3n en torno a la palabra femenina, as\u00ed como rendir homenaje a autoras cuya trayectoria ha marcado el panorama literario. La programaci\u00f3n incluye charlas, mesas redondas, presentaciones de libros, conversatorios virtuales, homenajes y una antolog\u00eda literaria, con entrada libre para todo p\u00fablico.<\/p>\n\n\n\n<p>En rueda de prensa, las organizadores afirmaron que: \u201ceste encuentro busca que la voz de las mujeres escritoras ocupe el lugar que merece en el panorama literario del norte de M\u00e9xico. Nuestro prop\u00f3sito es abrir un espacio plural en el que la literatura escrita por mujeres pueda ser escuchada, compartida y reconocida en toda su diversidad. Creemos firmemente que estos di\u00e1logos no solo enriquecen la cultura de la regi\u00f3n, sino que tambi\u00e9n construyen referentes para las nuevas generaciones de lectoras y lectores.\u201d<\/p>\n\n\n\n<p>Agregaron que Otroras es un proyecto cultural independiente dedicado a visibilizar exclusivamente la literatura escrita por mujeres. Desde su fundaci\u00f3n, ha impulsado la creaci\u00f3n de espacios de lectura, di\u00e1logo y encuentro que buscan ampliar la presencia de las autoras en el panorama literario. Adem\u00e1s, mantiene un compromiso social al promover la lectura como herramienta de acompa\u00f1amiento y transformaci\u00f3n en mujeres, ni\u00f1as y ni\u00f1os que han vivido situaciones de violencia, contribuyendo a su fortalecimiento emocional y comunitario a trav\u00e9s de la palabra escrita.<\/p>\n\n\n\n<p><strong>Programa<\/strong><\/p>\n\n\n\n<p><strong>Jueves 2 de octubre<\/strong><\/p>\n\n\n\n<p>13:00 h. Charla literaria \u201cMujeres que nombran el desierto\u201d, por Nadia Contreras.<\/p>\n\n\n\n<p>14:00 h. Presentaci\u00f3n de libro Cuando hablamos de amor, con Iveth Luna Flores e Isela Pic\u00f3n.<\/p>\n\n\n\n<p>16:00 h. Mesa redonda \u201cVoltear a leerlas: Mujeres norte\u00f1as trabajando\u201d con Lucila Navarrete, Iveth Luna Flores, Pamela Murra, Jeannette L. Clariond y Esther M. Garc\u00eda.<\/p>\n\n\n\n<p>17:30 h. Conversatorio virtual con Mar\u00eda de Lourdes Victoria, autora de La maletita azul.<\/p>\n\n\n\n<p>19:00 h. Autoras de Frente: Jeannette L. Clariond presenta Alda Merini: cuerpo de dolor.<\/p>\n\n\n\n<p>20:00 h. Homenaje a Jeannette L. Clariond.<\/p>\n\n\n\n<p><strong>Viernes 3 de octubre<\/strong><\/p>\n\n\n\n<p>13:00 h. Charla literaria \u201cXkik, la princesa rebelde. Chocolate y literatura\u201d, por Gloria Cacep.<\/p>\n\n\n\n<p>14:00 h. Charlas con Alejandra Aguilar y Marcela P\u00e1manes.<\/p>\n\n\n\n<p>16:00 h. Mesa redonda \u201cPor cierto, \u00bfsobre qu\u00e9 escriben las autoras laguneras?\u201d con Nadia Contreras, Bety P\u00e9rez Alem\u00e1n, Erika Soto, Julie Ibarra Rossow, Nadja Milena Mu\u00f1oz y Rosa G\u00e1mez Reyes Retana.<\/p>\n\n\n\n<p>17:00 h. Homenaje a Rosa G\u00e1mez Reyes Retana.<\/p>\n\n\n\n<p>17:30 h. Presentaci\u00f3n de la Antolog\u00eda Literaria de Karla Z\u00e1rate.<\/p>\n\n\n\n<p>19:00 h. Autoras de Frente: Ruth Castro presenta Magdalena Mondrag\u00f3n. Justicia social y derechos de las mujeres.<\/p>\n","protected":false},"excerpt":{"rendered":"<p>Con el prop\u00f3sito de visibilizar y celebrar la literatura escrita por mujeres, Otroras organiza la primera edici\u00f3n del Festival Literario de Autoras, un encuentro cultural que conmemora su primer aniversario &hellip; <a href=\"https:\/\/lavereda.com.mx\/index.php\/2025\/09\/23\/presentan-el-primer-festival-literario-de-autoras\/\" class=\"more-link\">Leer m\u00e1s<\/a><\/p>\n","protected":false},"author":9,"featured_media":7148,"comment_status":"open","ping_status":"open","sticky":false,"template":"","format":"standard","meta":{"footnotes":""},"categories":[5],"tags":[255,32],"class_list":["post-7147","post","type-post","status-publish","format-standard","has-post-thumbnail","hentry","category-letras-y-libros","tag-escritoras","tag-literatura","entry"],"_links":{"self":[{"href":"https:\/\/lavereda.com.mx\/index.php\/wp-json\/wp\/v2\/posts\/7147","targetHints":{"allow":["GET"]}}],"collection":[{"href":"https:\/\/lavereda.com.mx\/index.php\/wp-json\/wp\/v2\/posts"}],"about":[{"href":"https:\/\/lavereda.com.mx\/index.php\/wp-json\/wp\/v2\/types\/post"}],"author":[{"embeddable":true,"href":"https:\/\/lavereda.com.mx\/index.php\/wp-json\/wp\/v2\/users\/9"}],"replies":[{"embeddable":true,"href":"https:\/\/lavereda.com.mx\/index.php\/wp-json\/wp\/v2\/comments?post=7147"}],"version-history":[{"count":1,"href":"https:\/\/lavereda.com.mx\/index.php\/wp-json\/wp\/v2\/posts\/7147\/revisions"}],"predecessor-version":[{"id":7149,"href":"https:\/\/lavereda.com.mx\/index.php\/wp-json\/wp\/v2\/posts\/7147\/revisions\/7149"}],"wp:featuredmedia":[{"embeddable":true,"href":"https:\/\/lavereda.com.mx\/index.php\/wp-json\/wp\/v2\/media\/7148"}],"wp:attachment":[{"href":"https:\/\/lavereda.com.mx\/index.php\/wp-json\/wp\/v2\/media?parent=7147"}],"wp:term":[{"taxonomy":"category","embeddable":true,"href":"https:\/\/lavereda.com.mx\/index.php\/wp-json\/wp\/v2\/categories?post=7147"},{"taxonomy":"post_tag","embeddable":true,"href":"https:\/\/lavereda.com.mx\/index.php\/wp-json\/wp\/v2\/tags?post=7147"}],"curies":[{"name":"wp","href":"https:\/\/api.w.org\/{rel}","templated":true}]}}