{"id":7144,"date":"2025-09-21T18:38:57","date_gmt":"2025-09-21T18:38:57","guid":{"rendered":"https:\/\/lavereda.com.mx\/?p=7144"},"modified":"2025-09-21T18:38:58","modified_gmt":"2025-09-21T18:38:58","slug":"den-stygge-stesosteren-the-ugly-stepsister-2025","status":"publish","type":"post","link":"https:\/\/lavereda.com.mx\/index.php\/2025\/09\/21\/den-stygge-stesosteren-the-ugly-stepsister-2025\/","title":{"rendered":"Den stygge stes\u00f8steren (The Ugly Stepsister, 2025)"},"content":{"rendered":"\n<p>Para nadie es un secreto que mi pel\u00edcula favorita del a\u00f1o pasado fue The Substance, producci\u00f3n de terror corporal que dividi\u00f3 al p\u00fablico en partes iguales, pero que a nadie dej\u00f3 indiferente. La cinta se volvi\u00f3 un fen\u00f3meno sociocultural y acumul\u00f3 una gran cantidad de premios, logrando traer de vuelta ese tipo de historias al p\u00fablico masivo, ya que la mayor\u00eda suelen tener estrenos limitados.<\/p>\n\n\n\n<p>Prueba de ello es que este a\u00f1o se estrenara en m\u00e1s de 2000 salas Together, de Michael Shanks, con Allison Brie y Dave Franco (junto a una demanda por supuesto plagio, pero ese es otro tema), distribuida por Neon; as\u00ed como la pel\u00edcula que hoy nos ocupa: la coproducci\u00f3n europea hablada en noruego Den stygge stes\u00f8steren (La hermanastra fea), debut como directora de Emilie Blichfeldt. Basada en el cuento de La Cenicienta de los Hermanos Grimm, ha sido comparada, precisamente por los temas que toca, con The Substance.<\/p>\n\n\n\n<p>Si esta comparaci\u00f3n es acertada o no lo tratar\u00e9 m\u00e1s adelante. Lo primero ser\u00e1 hablar de qu\u00e9 trata la pel\u00edcula, lo cual en esta ocasi\u00f3n sobra un poco, ya que, como dije, se basa en el cuento de La Cenicienta, historia que es de dominio popular. Lo que s\u00ed se debe aclarar es que los fan\u00e1ticos de Disney deben dejar de lado esa versi\u00f3n edulcorada, ya que la escrita por los Grimm es mucho m\u00e1s fuerte y sangrienta que lo que el estudio nos regal\u00f3 en animaci\u00f3n.<\/p>\n\n\n\n<p>Pues esta versi\u00f3n es todav\u00eda m\u00e1s retorcida, pero centr\u00e9monos en algunos de los cambios que permiten separarla de otras adaptaciones. Lo principal aqu\u00ed es que no hay villanos como tal: personas despreciables, s\u00ed, pero no un villano en forma. Para empezar, en esta ocasi\u00f3n tanto el padre de esta Cenicienta, llamada Agnes (Thea Sofie Loch N\u00e6ss), resulta ser un timador al nivel de la madrastra Rebekka (Ane Dahl Torp), ya que ambos contraen nupcias con la idea de que el otro tiene una gran fortuna, cosa que quieren aprovechar porque los dos est\u00e1n en bancarrota. Lo segundo es que Agnes, en esta versi\u00f3n, es humanizada: no es perfecta como en otras, busca la atenci\u00f3n del pr\u00edncipe por los mismos motivos pr\u00e1cticos que lo hacen su madrastra y hermanastra, a pesar de amar a alguien m\u00e1s; pero ella misma sabe que su belleza es la \u00fanica herramienta que tiene si no quiere vivir en la miseria.<\/p>\n\n\n\n<p>Pero la principal diferencia, tal cual lo indica el t\u00edtulo, es que en esta ocasi\u00f3n la protagonista no es la bella princesa, sino su hermanastra Elvira (Lea Myren), quien s\u00ed padece de un enamoramiento juvenil hacia la figura idealizada del pr\u00edncipe Julian (Isac Calmroth). Este, en la pel\u00edcula, es pintado como un pat\u00e1n, un joven consciente del poder que tiene, su atractivo f\u00edsico y c\u00f3mo todas las j\u00f3venes del reino pelean por \u00e9l. Aqu\u00ed ni las hermanastras son feas en realidad, ni ellas ni su madre son malvadas por el simple hecho de serlo, pues la historia nos a cuatro mujeres que se han visto en la necesidad de hacer uso de los pocos recursos con los que cuentan en una \u00e9poca en que eran vistas como meros objetos, con un valor que depend\u00eda de su f\u00edsico, educaci\u00f3n y apellido. Otro punto por destacar es la figura de la hermanastra m\u00e1s joven, Alma (Flo Fagerli), quien se opone a los cambios y torturas a las que es sometida su hermana, intentando evitar que esta ceda ante los deseos de los dem\u00e1s sobre su cuerpo.<\/p>\n\n\n\n<p>Con esto establecido, es momento de responder a la comparaci\u00f3n. S\u00ed y no, como siempre. Ambas cintas hablan de la presi\u00f3n sobre la mujer respecto a su f\u00edsico: en una es la edad, en esta los est\u00e1ndares de belleza hegem\u00f3nicos. Y aunque ambas recurren al terror corporal, los caminos son distintos. Coralie Fargeat opt\u00f3 por un tono cercano a la ciencia ficci\u00f3n, mientras que Blichfeldt elige un realismo brutal que, a mi juicio, resulta mucho m\u00e1s desolador. Conviene aclarar que aqu\u00ed el g\u00e9nero no busca asustar, sino incomodar, rozando m\u00e1s el drama sobre dismorfia que el terror cl\u00e1sico.<\/p>\n\n\n\n<p>Den stygge stes\u00f8steren es una producci\u00f3n perturbadora, claro, pero sobre todo muy triste. Ver c\u00f3mo la Elvira de Lea Myren pasa de la inocencia inicial a convertirse en una g\u00e9lida mu\u00f1eca sin alma que nunca es valorada por lo que realmente es, gracias a la magn\u00edfica actuaci\u00f3n de la actriz, resulta por dem\u00e1s desolador. La presi\u00f3n bajo la que se encuentra, si bien iniciada por su madre, quien no le pide opini\u00f3n para comenzar su transformaci\u00f3n, termina acrecent\u00e1ndose por todos los que la rodean, salvo su hermana.<\/p>\n\n\n\n<p>As\u00ed, su maestra de ballet, Vanja (Katarzyna Herman), le hace evidente que tiene talento, pero que no ser\u00e1 suficiente si no se esfuerza m\u00e1s, indic\u00e1ndole que su peso no es el ideal, iniciando sus problemas alimenticios. La pareja sentimental de esta, Sophie (Cecilia Forss), mujer f\u00edsicamente hermosa que parece tomar bajo su brazo protector a Elvira, termina mostrando que ella es otra de tantas mujeres que tuvo que llenar ciertos est\u00e1ndares f\u00edsicos, a pesar de su preferencia sexual, volviendo los complejos de Elvira m\u00e1s grandes y siendo la causante de un infierno futuro mayor.<\/p>\n\n\n\n<p>Como ellas, el Dr. Esth\u00e9tique (Adam Lundgren), part\u00edcipe de dos de las escenas m\u00e1s impactantes de la cinta, no duda en enumerar lo que \u00e9l considera defectos en el f\u00edsico de Elvira, someti\u00e9ndola a terribles y dolorosos procedimientos que nos hacen contemplar con la sa\u00f1a de un s\u00e1dico. Y luego est\u00e1 el pr\u00edncipe mismo, quien lanza una serie de comentarios despectivos a la protagonista antes de su transformaci\u00f3n, logrando con esto poner el \u00faltimo clavo en el ata\u00fad de la autoestima de Elvira.<\/p>\n\n\n\n<p>Y todo esto, que hemos visto en otras historias, \u00bfpor qu\u00e9 pesa tanto en esta? Porque duele ver la transformaci\u00f3n de la joven. Es desgarrador que nunca sepa qui\u00e9n es, porque poco a poco la van cambiando; pero este cambio no se queda en el exterior: la vemos mutar en su interior. Cada paso que da, que deber\u00eda beneficiarla en su autoestima (si esta se basara en lo f\u00edsico), termina acerc\u00e1ndola a un nuevo trauma. Su rostro, su nivel de grasa corporal, su educaci\u00f3n y modales, todo es dolorosamente moldeado con tal de gustar, mientras ella va desapareciendo con el \u00fanico fin de agradar a los hombres que la rodean.<\/p>\n\n\n\n<p>Ese es uno de los puntos principales: las mujeres son mercanc\u00edas, que deben ser amaestradas y moldeadas a los gustos masculinos. Todos sabemos el final del cuento: la hermanastra no se va a quedar con el pr\u00edncipe, no importa que ella s\u00ed lo haya amado al inicio, sin mayor sustento que la idealizaci\u00f3n. Pero lo hizo, y nunca fue suficiente. El problema con Elvira no era su f\u00edsico, que era completamente normal; no, este ven\u00eda del interior. La vimos introvertida e inocente al inicio, con la cabeza llena de sue\u00f1os y fantas\u00edas, pero tambi\u00e9n con ilusiones genuinas, las cuales se borran con cada minuto que avanza la cinta. En este sentido, la pel\u00edcula recuerda tambi\u00e9n a A Different Man, donde el protagonista piensa que sus problemas se arreglar\u00e1n al ser atractivo, y estos solo empeoran. Al final, su interior est\u00e1 tan destruido que, al ver su sue\u00f1o perdido, su madre intenta buscarle otro pretendiente rico \u2014de los que tiene muchos gracias a su nuevo f\u00edsico\u2014, pero a ella ya no le importa. La locura la ha absorbido y su obsesi\u00f3n ha crecido tanto que ya no necesita de los dem\u00e1s para buscar alg\u00fan otro cambio desesperado que la acerque al pr\u00edncipe, en una referencia directa al cuento de los Grimm.<\/p>\n\n\n\n<p>T\u00e9cnicamente, la pel\u00edcula es impecable para mostrarnos la dualidad del mundo de Elvira: vestuario espectacular de Manon Rasmussen (colaboradora recurrente de Lars von Trier), dise\u00f1o de producci\u00f3n de Sabine Hviid y Klaudia Klimka, fotograf\u00eda que alterna frialdad y enso\u00f1aci\u00f3n, y una m\u00fasica casi ausente que irrumpe solo en momentos clave. Todo luce hermoso, incluso la \u201cnueva\u201d Elvira, salvo lo \u00fanico que importa: su alma, destruida por completo.<\/p>\n\n\n\n<p>Den stygge stes\u00f8steren, por su trama, se ha posicionado como una de mis cintas favoritas del a\u00f1o. Igual que The Substance, esto se debe a gustos personales, pero tambi\u00e9n a que conecta con inseguridades y cuestiones que siguen pesando en la actualidad. Los est\u00e1ndares de belleza contin\u00faan imponi\u00e9ndose, incluso ahora m\u00e1s, en un contexto de retroceso social en muchos aspectos. Por no decir todos, una gran mayor\u00eda nos hemos comparado con otra persona y hemos salido perdedores ante esa comparaci\u00f3n, porque no hay nadie m\u00e1s cruel para juzgarnos que nosotros mismos, despu\u00e9s de a\u00f1os de ser medidos y catalogados como mercanc\u00eda. Esta pel\u00edcula lo retrata como pocas: lo hace sin reparos, pero tambi\u00e9n sin efectismos. Todo lo que ella sufre por lograr el ideal de belleza se puede hacer, se hace, y muchos est\u00e1n dispuestos a vivirlo con tal de alcanzar esa \u201cmejor versi\u00f3n de s\u00ed mismos\u201d. Ese es el poder de esta pel\u00edcula: su mensaje, el cual es muy poderoso.<\/p>\n\n\n\n<p>Hace tres meses tuve la oportunidad de verla por primera vez y la revisit\u00e9 para escribir estas l\u00edneas. No ha perdido nada de su fuerza e impacto. Emilie Blichfeldt entrega uno de los debuts m\u00e1s s\u00f3lidos del a\u00f1o y, sin exagerar, una de sus mejores pel\u00edculas. Si hay que elegir qu\u00e9 ver este fin de semana, que sea esta, aunque no dure mucho en cartelera frente a opciones m\u00e1s ligeras.<\/p>\n","protected":false},"excerpt":{"rendered":"<p>Para nadie es un secreto que mi pel\u00edcula favorita del a\u00f1o pasado fue The Substance, producci\u00f3n de terror corporal que dividi\u00f3 al p\u00fablico en partes iguales, pero que a nadie &hellip; <a href=\"https:\/\/lavereda.com.mx\/index.php\/2025\/09\/21\/den-stygge-stesosteren-the-ugly-stepsister-2025\/\" class=\"more-link\">Leer m\u00e1s<\/a><\/p>\n","protected":false},"author":13,"featured_media":7145,"comment_status":"open","ping_status":"open","sticky":false,"template":"","format":"standard","meta":{"footnotes":""},"categories":[6],"tags":[40],"class_list":["post-7144","post","type-post","status-publish","format-standard","has-post-thumbnail","hentry","category-cinetv","tag-cine","entry"],"_links":{"self":[{"href":"https:\/\/lavereda.com.mx\/index.php\/wp-json\/wp\/v2\/posts\/7144","targetHints":{"allow":["GET"]}}],"collection":[{"href":"https:\/\/lavereda.com.mx\/index.php\/wp-json\/wp\/v2\/posts"}],"about":[{"href":"https:\/\/lavereda.com.mx\/index.php\/wp-json\/wp\/v2\/types\/post"}],"author":[{"embeddable":true,"href":"https:\/\/lavereda.com.mx\/index.php\/wp-json\/wp\/v2\/users\/13"}],"replies":[{"embeddable":true,"href":"https:\/\/lavereda.com.mx\/index.php\/wp-json\/wp\/v2\/comments?post=7144"}],"version-history":[{"count":1,"href":"https:\/\/lavereda.com.mx\/index.php\/wp-json\/wp\/v2\/posts\/7144\/revisions"}],"predecessor-version":[{"id":7146,"href":"https:\/\/lavereda.com.mx\/index.php\/wp-json\/wp\/v2\/posts\/7144\/revisions\/7146"}],"wp:featuredmedia":[{"embeddable":true,"href":"https:\/\/lavereda.com.mx\/index.php\/wp-json\/wp\/v2\/media\/7145"}],"wp:attachment":[{"href":"https:\/\/lavereda.com.mx\/index.php\/wp-json\/wp\/v2\/media?parent=7144"}],"wp:term":[{"taxonomy":"category","embeddable":true,"href":"https:\/\/lavereda.com.mx\/index.php\/wp-json\/wp\/v2\/categories?post=7144"},{"taxonomy":"post_tag","embeddable":true,"href":"https:\/\/lavereda.com.mx\/index.php\/wp-json\/wp\/v2\/tags?post=7144"}],"curies":[{"name":"wp","href":"https:\/\/api.w.org\/{rel}","templated":true}]}}