{"id":7140,"date":"2025-09-21T18:30:15","date_gmt":"2025-09-21T18:30:15","guid":{"rendered":"https:\/\/lavereda.com.mx\/?p=7140"},"modified":"2025-09-21T18:30:16","modified_gmt":"2025-09-21T18:30:16","slug":"a-la-hora-del-cafe-14","status":"publish","type":"post","link":"https:\/\/lavereda.com.mx\/index.php\/2025\/09\/21\/a-la-hora-del-cafe-14\/","title":{"rendered":"A la hora del caf\u00e9"},"content":{"rendered":"\n<h3 class=\"wp-block-heading\">Mujeres en la ciencia<\/h3>\n\n\n\n<p><em>Julieta Fierro, f\u00edsica, astr\u00f3noma de la UNAM y divulgadora de la ciencia falleci\u00f3 el pasado 19 de septiembre a los 77 a\u00f1os de edad. En su memoria compartimos esta columna sobre una de sus destacadas participaciones como conferencista:<\/em><\/p>\n\n\n\n<p>La cient\u00edfica ofreci\u00f3 una conferencia para el programa \u201cAprendamos juntos\u201d de BBVA y El Pa\u00eds, donde comparti\u00f3 c\u00f3mo desde ni\u00f1a lleg\u00f3 a la ciencia y desde muy joven descubri\u00f3 que ser\u00eda una divulgadora natural.<\/p>\n\n\n\n<p>Si ustedes que leen esta columna les han tenido miedo a las matem\u00e1ticas o les parecen aburridas o inaccesibles, les recomiendo ver esta charla, en ella Julieta Fierro explica que la ense\u00f1anza de las matem\u00e1ticas en nuestro pa\u00eds tiene malos resultados porque no se logra ense\u00f1ar su verdadera utilidad.<\/p>\n\n\n\n<p>Uno de los temas claves de esta conferencia es la necesaria incursi\u00f3n de las mujeres en la ciencia, donde lamentablemente, son minor\u00eda.<\/p>\n\n\n\n<blockquote class=\"wp-block-quote is-layout-flow wp-block-quote-is-layout-flow\">\n<p>\u201cMi generaci\u00f3n trat\u00f3 de que las mujeres que estudi\u00e1bamos f\u00edsica destac\u00e1ramos, ten\u00edamos que ser unas buenazas, ganar premios, si no, no nos iban a tomar en cuenta\u201d coment\u00f3.<\/p>\n<\/blockquote>\n\n\n\n<p>Agreg\u00f3 que tambi\u00e9n en la actualidad las mujeres que se meten a estudiar ciencia creen que tienen que ser muy buenas. \u201cTenemos la idea de nuestras mam\u00e1s: ser buenas amas de casa, buenas profesionistas, cuidar al marido, cuidar bien los hijos, adem\u00e1s de saber hacer trencitas e ir al gimnasio\u201d.<\/p>\n\n\n\n<p>Ella se pregunta \u201c\u00bfQu\u00e9 les pasa a las mujeres profesionistas j\u00f3venes? Siempre est\u00e1n cansadas, porque creen que tienen que ser buenas en todo. Pero no, no es necesario\u201d.<\/p>\n\n\n\n<p>\u201c\u00bfCreen que lav\u00e9 los trastes antes de salir de casa? No<\/p>\n\n\n\n<p>\u00bfCreen que tend\u00ed la cama antes de salir de casa? No<\/p>\n\n\n\n<p>\u00bfQu\u00e9 me est\u00e1 pasando? nada\u201d.<\/p>\n\n\n\n<p>Estas frases han sido reveladoras para las mujeres de nuestra edad, de distintas profesiones, que lidiamos con el deseo de destacar, pero sin dejar de lado las tareas del hogar, por m\u00ednimas que sean.<\/p>\n\n\n\n<p>Julieta Fierro nos ofrece una gran lecci\u00f3n feminista en esta conferencia que todas las mujeres deber\u00edan escuchar. (Est\u00e1 disponible en YouTube). En la ponencia especialmente se pronuncia en favor de que m\u00e1s mujeres se involucren en actividades cient\u00edficas, aunque tambi\u00e9n habla de la educaci\u00f3n cient\u00edfica y muestra un lado muy cotidiano y amable de la ciencia.<\/p>\n\n\n\n<p>Seg\u00fan Naciones Unidas las mujeres solo representan un tercio de la comunidad cient\u00edfica mundial, enfrentando una falta de financiaci\u00f3n, oportunidades de publicaci\u00f3n y menos acceso a puestos de alto nivel.<\/p>\n\n\n\n<p>Y la presencia femenina en la ciencia es necesaria. Julieta Fierro record\u00f3 que la mitad de las mujeres j\u00f3venes del mundo sufren de problemas menstruales y una gran cantidad de mujeres sufren la menopausia.<\/p>\n\n\n\n<p>Si hubiera m\u00e1s mujeres en la ciencia, problemas de salud como estos y otros, como el dolor en los senos en las pruebas del c\u00e1ncer de mama, ser\u00edan muy diferentes. Por ejemplo, ni siquiera hay chalecos antibalas para mujeres.<\/p>\n\n\n\n<p>\u201cNecesitamos mujeres en la ciencia, pero para eso tenemos que cambiar las condiciones sociales para que puedan ser investigadoras, tenemos que lograrlo\u201d, afirm\u00f3 la cient\u00edfica.<\/p>\n\n\n\n<p>X: @Lavargasadri<\/p>\n\n\n\n<p>*<em>Columna publicada el 29 de octubre en El Siglo de Torre\u00f3n<\/em><\/p>\n","protected":false},"excerpt":{"rendered":"<p>Mujeres en la ciencia Julieta Fierro, f\u00edsica, astr\u00f3noma de la UNAM y divulgadora de la ciencia falleci\u00f3 el pasado 19 de septiembre a los 77 a\u00f1os de edad. En su &hellip; <a href=\"https:\/\/lavereda.com.mx\/index.php\/2025\/09\/21\/a-la-hora-del-cafe-14\/\" class=\"more-link\">Leer m\u00e1s<\/a><\/p>\n","protected":false},"author":9,"featured_media":7141,"comment_status":"open","ping_status":"open","sticky":false,"template":"","format":"standard","meta":{"footnotes":""},"categories":[9],"tags":[254],"class_list":["post-7140","post","type-post","status-publish","format-standard","has-post-thumbnail","hentry","category-opinion","tag-julieta-fierro","entry"],"_links":{"self":[{"href":"https:\/\/lavereda.com.mx\/index.php\/wp-json\/wp\/v2\/posts\/7140","targetHints":{"allow":["GET"]}}],"collection":[{"href":"https:\/\/lavereda.com.mx\/index.php\/wp-json\/wp\/v2\/posts"}],"about":[{"href":"https:\/\/lavereda.com.mx\/index.php\/wp-json\/wp\/v2\/types\/post"}],"author":[{"embeddable":true,"href":"https:\/\/lavereda.com.mx\/index.php\/wp-json\/wp\/v2\/users\/9"}],"replies":[{"embeddable":true,"href":"https:\/\/lavereda.com.mx\/index.php\/wp-json\/wp\/v2\/comments?post=7140"}],"version-history":[{"count":1,"href":"https:\/\/lavereda.com.mx\/index.php\/wp-json\/wp\/v2\/posts\/7140\/revisions"}],"predecessor-version":[{"id":7142,"href":"https:\/\/lavereda.com.mx\/index.php\/wp-json\/wp\/v2\/posts\/7140\/revisions\/7142"}],"wp:featuredmedia":[{"embeddable":true,"href":"https:\/\/lavereda.com.mx\/index.php\/wp-json\/wp\/v2\/media\/7141"}],"wp:attachment":[{"href":"https:\/\/lavereda.com.mx\/index.php\/wp-json\/wp\/v2\/media?parent=7140"}],"wp:term":[{"taxonomy":"category","embeddable":true,"href":"https:\/\/lavereda.com.mx\/index.php\/wp-json\/wp\/v2\/categories?post=7140"},{"taxonomy":"post_tag","embeddable":true,"href":"https:\/\/lavereda.com.mx\/index.php\/wp-json\/wp\/v2\/tags?post=7140"}],"curies":[{"name":"wp","href":"https:\/\/api.w.org\/{rel}","templated":true}]}}