{"id":7137,"date":"2025-09-18T16:26:23","date_gmt":"2025-09-18T16:26:23","guid":{"rendered":"https:\/\/lavereda.com.mx\/?p=7137"},"modified":"2025-09-23T00:27:36","modified_gmt":"2025-09-23T00:27:36","slug":"diez-paises-estaran-en-el-salon-de-poesia-de-la-fil-guadalajara","status":"publish","type":"post","link":"https:\/\/lavereda.com.mx\/index.php\/2025\/09\/18\/diez-paises-estaran-en-el-salon-de-poesia-de-la-fil-guadalajara\/","title":{"rendered":"Diez pa\u00edses estar\u00e1n en el Sal\u00f3n de Poes\u00eda de la FIL Guadalajara"},"content":{"rendered":"\n<ul class=\"wp-block-list\">\n<li>Escritoras y escritores de Brasil, Chile, Colombia, Ecuador, Espa\u00f1a, Estados Unidos, L\u00edbano, M\u00e9xico, Quebec, Ucrania y Barcelona, Invitada de Honor, celebrar\u00e1n este encuentro.<\/li>\n<\/ul>\n\n\n\n<p>Con la participaci\u00f3n de m\u00e1s de 20 poetas de diez pa\u00edses, el Sal\u00f3n de la Poes\u00eda ya est\u00e1 listo para festejar su mayor\u00eda de edad durante la edici\u00f3n 39 de la Feria Internacional del Libro de Guadalajara. Escritoras y escritores de Brasil, Chile, Colombia, Ecuador, Espa\u00f1a, Estados Unidos, L\u00edbano, M\u00e9xico, Quebec, Ucrania y de Barcelona, ciudad Invitada de Honor 2025, ser\u00e1n los protagonistas de este encuentro en el que dar\u00e1n una muestra sustancial de su trabajo. <\/p>\n\n\n\n<p>Del 29 de noviembre al 7 de diciembre, los amantes del g\u00e9nero podr\u00e1n disfrutar de alguna de las sesiones que se tienen contempladas, registr\u00e1ndose previamente al correo electr\u00f3nico\u00a0<a href=\"mailto:registro.poesia@fil.com.mx\" target=\"_blank\" rel=\"noreferrer noopener\">registro.poesia@fil.com.mx<\/a><\/p>\n\n\n\n<p>Como ya es tradici\u00f3n, cada una de las sesiones ofrecer\u00e1 una experiencia \u00edntima donde el p\u00fablico podr\u00e1 escuchar en voz de sus autores la fuerza y la emoci\u00f3n de sus versos, as\u00ed como la oportunidad de descubrir nuevas plumas. Adri\u00e0 Targa,&nbsp;<em>Susanna Rafart (Barcelona), Ver\u00f3nica Zondek (Chile), Martine Audet (Quebec), Halyna Kruk (Ucrania), Samer Abu Hawwash (L\u00edbano), Myriam Moscona (M\u00e9xico),&nbsp;<\/em>Sandra Cisneros (Estados Unidos), Patricia Benito (Espa\u00f1a),&nbsp;<em>Eliane Marques (Brasil) o el escritor en lenguas originarias Ariruma Kowii (Ecuador) son varios de los poetas que participar\u00e1n en este encuentro, en algunos de sus horarios: 18:00, 19:00 y 20:00 horas.<\/em><em><\/em><\/p>\n\n\n\n<p>Con el prop\u00f3sito de impulsar la difusi\u00f3n del g\u00e9nero y de dar visibilidad a poetas contempor\u00e1neos, tanto consagrados como emergentes, de M\u00e9xico y del mundo, as\u00ed como para estrechar la relaci\u00f3n entre lectores y escritores naci\u00f3 el Sal\u00f3n de la Poes\u00eda en 2008. Este a\u00f1o se llevar\u00e1n a cabo sesiones diarias, del s\u00e1bado 29 de noviembre al domingo 7 de diciembre. <\/p>\n\n\n\n<figure class=\"wp-block-image size-large is-resized\"><img fetchpriority=\"high\" decoding=\"async\" width=\"819\" height=\"1024\" src=\"https:\/\/lavereda.com.mx\/wp-content\/uploads\/2025\/09\/545707367_1289100659325712_240908451687998988_n-819x1024.jpg\" alt=\"\" class=\"wp-image-7138\" style=\"width:489px;height:auto\" srcset=\"https:\/\/lavereda.com.mx\/wp-content\/uploads\/2025\/09\/545707367_1289100659325712_240908451687998988_n-819x1024.jpg 819w, https:\/\/lavereda.com.mx\/wp-content\/uploads\/2025\/09\/545707367_1289100659325712_240908451687998988_n-240x300.jpg 240w, https:\/\/lavereda.com.mx\/wp-content\/uploads\/2025\/09\/545707367_1289100659325712_240908451687998988_n-768x960.jpg 768w, https:\/\/lavereda.com.mx\/wp-content\/uploads\/2025\/09\/545707367_1289100659325712_240908451687998988_n-1229x1536.jpg 1229w, https:\/\/lavereda.com.mx\/wp-content\/uploads\/2025\/09\/545707367_1289100659325712_240908451687998988_n.jpg 1440w\" sizes=\"(max-width: 819px) 100vw, 819px\" \/><\/figure>\n\n\n\n<p> <\/p>\n\n\n\n<p>La edici\u00f3n 2025 del Sal\u00f3n de la Poes\u00eda es posible gracias al apoyo del Ministerio de las Culturas, las Artes y el Patrimonio del Gobierno de Chile; Barcelona, Invitada de Honor;\u00a0 Acci\u00f3n Cultural Espa\u00f1ola (AC\/E); la Delegaci\u00f3n general de Quebec en M\u00e9xico; Idartes Colombia; el Ukrainian Institute; la Secretar\u00eda de Cultura, Econom\u00eda e Industria Creativa del Gobierno del Estado de S\u00e3o Paulo; SP Leituras-Asociaci\u00f3n de Bibliotecas y Lectura de S\u00e3o Paulo; Revista\u00a0<em>Banipal<\/em>, y la agencia Stuart Bernstein Representation for Artists; editorial Salto Mortal, el Fondo de Cultura Econ\u00f3mica, Trilce Ediciones, Lugar Com\u00fan-Alliteration Publishing, la Direcci\u00f3n General de Publicaciones y Fomento Editorial UNAM, y la Editorial Almad\u00eda.<\/p>\n","protected":false},"excerpt":{"rendered":"<p>Con la participaci\u00f3n de m\u00e1s de 20 poetas de diez pa\u00edses, el Sal\u00f3n de la Poes\u00eda ya est\u00e1 listo para festejar su mayor\u00eda de edad durante la edici\u00f3n 39 de &hellip; <a href=\"https:\/\/lavereda.com.mx\/index.php\/2025\/09\/18\/diez-paises-estaran-en-el-salon-de-poesia-de-la-fil-guadalajara\/\" class=\"more-link\">Leer m\u00e1s<\/a><\/p>\n","protected":false},"author":1,"featured_media":6421,"comment_status":"open","ping_status":"open","sticky":false,"template":"","format":"standard","meta":{"footnotes":""},"categories":[5],"tags":[],"class_list":["post-7137","post","type-post","status-publish","format-standard","has-post-thumbnail","hentry","category-letras-y-libros","entry"],"_links":{"self":[{"href":"https:\/\/lavereda.com.mx\/index.php\/wp-json\/wp\/v2\/posts\/7137","targetHints":{"allow":["GET"]}}],"collection":[{"href":"https:\/\/lavereda.com.mx\/index.php\/wp-json\/wp\/v2\/posts"}],"about":[{"href":"https:\/\/lavereda.com.mx\/index.php\/wp-json\/wp\/v2\/types\/post"}],"author":[{"embeddable":true,"href":"https:\/\/lavereda.com.mx\/index.php\/wp-json\/wp\/v2\/users\/1"}],"replies":[{"embeddable":true,"href":"https:\/\/lavereda.com.mx\/index.php\/wp-json\/wp\/v2\/comments?post=7137"}],"version-history":[{"count":1,"href":"https:\/\/lavereda.com.mx\/index.php\/wp-json\/wp\/v2\/posts\/7137\/revisions"}],"predecessor-version":[{"id":7139,"href":"https:\/\/lavereda.com.mx\/index.php\/wp-json\/wp\/v2\/posts\/7137\/revisions\/7139"}],"wp:featuredmedia":[{"embeddable":true,"href":"https:\/\/lavereda.com.mx\/index.php\/wp-json\/wp\/v2\/media\/6421"}],"wp:attachment":[{"href":"https:\/\/lavereda.com.mx\/index.php\/wp-json\/wp\/v2\/media?parent=7137"}],"wp:term":[{"taxonomy":"category","embeddable":true,"href":"https:\/\/lavereda.com.mx\/index.php\/wp-json\/wp\/v2\/categories?post=7137"},{"taxonomy":"post_tag","embeddable":true,"href":"https:\/\/lavereda.com.mx\/index.php\/wp-json\/wp\/v2\/tags?post=7137"}],"curies":[{"name":"wp","href":"https:\/\/api.w.org\/{rel}","templated":true}]}}