{"id":7134,"date":"2025-09-16T18:29:34","date_gmt":"2025-09-16T18:29:34","guid":{"rendered":"https:\/\/lavereda.com.mx\/?p=7134"},"modified":"2025-09-16T18:29:34","modified_gmt":"2025-09-16T18:29:34","slug":"cuando-el-cuento-se-pone-feo-la-hermanastra-fea","status":"publish","type":"post","link":"https:\/\/lavereda.com.mx\/index.php\/2025\/09\/16\/cuando-el-cuento-se-pone-feo-la-hermanastra-fea\/","title":{"rendered":"Cuando el cuento se pone feo: La hermanastra fea"},"content":{"rendered":"\n<p>Ayer, con mis hijos, fuimos al cine a ver la producci\u00f3n noruega <em>La hermanastra fea<\/em> (<em>Den stygge stes\u00f8steren<\/em>; Noruega, 2025), con historia y direcci\u00f3n de Emilie Blichfeldt, y un elenco que bien merece ser nombrado y, como en un concierto magistral, invitado a ponerse de pie para recibir un aplauso individual.<\/p>\n\n\n\n<p>La historia se construye desde dos enfoques. El primero: narrar desde el antagonista, una tendencia actual que ha renovado con \u00e9xito relatos mil veces contados. El segundo: recuperar el trasfondo oscuro y sangriento que el guion original de los hermanos Jacob y Wilhelm Grimm planteaba en <em>La Cenicienta<\/em> (<em>Aschenputtel<\/em>, en <em>Cuentos de la infancia y del hogar<\/em>, 1812). La cineasta se apropia de esa veta, tomando como base distintas versiones del cuento, aunque la m\u00e1s difundida proviene de Italia, donde se fijaron los c\u00e1nones que hasta hoy lo definen como el cuento de hadas por excelencia.<\/p>\n\n\n\n<p>El pasaje dice as\u00ed: \u201cla madre, alarg\u00e1ndole un cuchillo, le dijo: \u2018\u00a1C\u00f3rtate el dedo! Cuando seas reina, no tendr\u00e1s necesidad de andar a pie\u2019. Lo hizo as\u00ed la muchacha; forz\u00f3 el pie en el zapato y, reprimiendo el dolor, se present\u00f3 al pr\u00edncipe\u201d. Emilie Blichfeldt retoma este horror latente para contarnos una versi\u00f3n posmoderna, poderosa y llena de momentos de est\u00e9tica y contraest\u00e9tica que resultan imborrables.<\/p>\n\n\n\n<p>La joven Lea Myren encarna a Elvira, la hermanastra fea, mientras Thea Sofie Loch N\u00e6ss interpreta a Agnes, la Cenicienta. Ambas sostienen una rivalidad forzada por los c\u00e1nones sociales, pero tambi\u00e9n marcada por la representaci\u00f3n de los siete pecados capitales: orgullo, envidia, ira, pereza, avaricia, gula y lujuria. Estos desfilan no solo en las hermanastras \u2014con Flo Fagerli como Alma, la menor\u2014, sino tambi\u00e9n en la Madrastra Rebekka (Ane Dahl Torp) y en la propia Cenicienta.<\/p>\n\n\n\n<p>Sentado junto a mi hija de 17 a\u00f1os, viv\u00ed con ella el reflejo del drama adolescente de la presi\u00f3n social, de las comparaciones inevitables y de esa cruel lupa que pesa sobre la apariencia, los gestos y la aceptaci\u00f3n.<\/p>\n\n\n\n<p>Me sent\u00ed ubicado en el punto intermedio exacto entre <em>Joker<\/em> (EE. UU., 2019) y <em>The Substance<\/em> (Reino Unido, EE. UU., Francia, 2024), las dos referencias m\u00e1s recientes y efectivas para entender los enfoques de <em>La hermanastra fea<\/em>: por un lado, el rescate del antagonista; por otro, el horror corporal como viaje inmediato a los sentimientos que provoca el cuerpo humano expuesto en su carnalidad.<\/p>\n\n\n\n<p>Sal\u00ed del cine convencido de que <em>La hermanastra fea<\/em> no es solo una relectura de un cl\u00e1sico, sino tambi\u00e9n un espejo inc\u00f3modo y necesario para cuestionar c\u00f3mo seguimos repitiendo viejas formas de violencia en la vida cotidiana. Al final, lo verdaderamente valioso de esta pel\u00edcula fue poder verla con mis hijos: abrir un espacio de di\u00e1logo, mirarnos de reojo y reconocer que los cuentos que parec\u00edan inocentes todav\u00eda nos pueden dar una lecci\u00f3n.<\/p>\n","protected":false},"excerpt":{"rendered":"<p>Ayer, con mis hijos, fuimos al cine a ver la producci\u00f3n noruega La hermanastra fea (Den stygge stes\u00f8steren; Noruega, 2025), con historia y direcci\u00f3n de Emilie Blichfeldt, y un elenco &hellip; <a href=\"https:\/\/lavereda.com.mx\/index.php\/2025\/09\/16\/cuando-el-cuento-se-pone-feo-la-hermanastra-fea\/\" class=\"more-link\">Leer m\u00e1s<\/a><\/p>\n","protected":false},"author":25,"featured_media":7135,"comment_status":"open","ping_status":"open","sticky":false,"template":"","format":"standard","meta":{"footnotes":""},"categories":[6,7],"tags":[],"class_list":["post-7134","post","type-post","status-publish","format-standard","has-post-thumbnail","hentry","category-cinetv","category-entretenimiento","entry"],"_links":{"self":[{"href":"https:\/\/lavereda.com.mx\/index.php\/wp-json\/wp\/v2\/posts\/7134","targetHints":{"allow":["GET"]}}],"collection":[{"href":"https:\/\/lavereda.com.mx\/index.php\/wp-json\/wp\/v2\/posts"}],"about":[{"href":"https:\/\/lavereda.com.mx\/index.php\/wp-json\/wp\/v2\/types\/post"}],"author":[{"embeddable":true,"href":"https:\/\/lavereda.com.mx\/index.php\/wp-json\/wp\/v2\/users\/25"}],"replies":[{"embeddable":true,"href":"https:\/\/lavereda.com.mx\/index.php\/wp-json\/wp\/v2\/comments?post=7134"}],"version-history":[{"count":1,"href":"https:\/\/lavereda.com.mx\/index.php\/wp-json\/wp\/v2\/posts\/7134\/revisions"}],"predecessor-version":[{"id":7136,"href":"https:\/\/lavereda.com.mx\/index.php\/wp-json\/wp\/v2\/posts\/7134\/revisions\/7136"}],"wp:featuredmedia":[{"embeddable":true,"href":"https:\/\/lavereda.com.mx\/index.php\/wp-json\/wp\/v2\/media\/7135"}],"wp:attachment":[{"href":"https:\/\/lavereda.com.mx\/index.php\/wp-json\/wp\/v2\/media?parent=7134"}],"wp:term":[{"taxonomy":"category","embeddable":true,"href":"https:\/\/lavereda.com.mx\/index.php\/wp-json\/wp\/v2\/categories?post=7134"},{"taxonomy":"post_tag","embeddable":true,"href":"https:\/\/lavereda.com.mx\/index.php\/wp-json\/wp\/v2\/tags?post=7134"}],"curies":[{"name":"wp","href":"https:\/\/api.w.org\/{rel}","templated":true}]}}