{"id":7128,"date":"2025-09-15T22:39:13","date_gmt":"2025-09-15T22:39:13","guid":{"rendered":"https:\/\/lavereda.com.mx\/?p=7128"},"modified":"2025-09-15T22:40:03","modified_gmt":"2025-09-15T22:40:03","slug":"torreon-celebra-118-anos-como-ciudad","status":"publish","type":"post","link":"https:\/\/lavereda.com.mx\/index.php\/2025\/09\/15\/torreon-celebra-118-anos-como-ciudad\/","title":{"rendered":"Torre\u00f3n celebra 118 a\u00f1os como ciudad"},"content":{"rendered":"\n<p>El <strong>15 de septiembre<\/strong> se cumplen <strong>118 a\u00f1os de que Torre\u00f3n fue elevada a la categor\u00eda de ciudad<\/strong>. Fue un 17 de junio de 1907, cuando el Gobernador del Estado de Coahuila, Miguel C\u00e1rdenas de los Santos, propuso al Congreso del Estado la elevaci\u00f3n de la Villa del Torre\u00f3n al rango de Ciudad. Su iniciativa se apoyaba en los muchos m\u00e9ritos que hab\u00eda logrado acumular su poblaci\u00f3n en tan corto tiempo.<\/p>\n\n\n\n<p>La iniciativa pas\u00f3 a la Comisi\u00f3n de Gobernaci\u00f3n del mismo Congreso para que dictaminara sobre el asunto y el resultado fue favorable. El dictamen de dicha Comisi\u00f3n se dio a conocer en la sesi\u00f3n del 12 de julio, bajo la presidencia del ciudadano Encarnaci\u00f3n D\u00e1vila.<\/p>\n\n\n\n<p>Se propusieron los dos art\u00edculos siguientes: \u00abSe erige en Ciudad, con la denominaci\u00f3n de Torre\u00f3n, la Villa de ese nombre del Distrito de Viesca\u00bb y \u00abLa promulgaci\u00f3n de este decreto tendr\u00e1 lugar el d\u00eda 15 de Septiembre pr\u00f3ximo\u00bb (1907).<\/p>\n\n\n\n<p>La iniciativa fue aprobada por unanimidad. Torre\u00f3n fue elevado al rango de ciudad el 15 de septiembre de 1907, fecha con connotaciones festivas y pol\u00edticas, por ser el aniversario del \u00abGrito de Dolores\u00bb y el cumplea\u00f1os del presidente Porfirio D\u00edaz, entonces primer mandatario de la Naci\u00f3n Mexicana. La resoluci\u00f3n se public\u00f3 en el Diario Oficial del Estado de Coahuila.<\/p>\n\n\n\n<p>De acuerdo con el escritor e historiador Eduardo Guerra \u201clas fiestas patrias tuvieron aquel a\u00f1o extraordinario esplendor y algunas mejoras materiales fueron el Edificio de la Escuela Oficial No. 1 para ni\u00f1as, la primera placa de la nomenclatura de las calles y la colocaci\u00f3n de la primera piedra para el nuevo edificio del Palacio Municipal\u201d.<\/p>\n\n\n\n<figure class=\"wp-block-image size-large is-resized\"><img fetchpriority=\"high\" decoding=\"async\" width=\"1024\" height=\"701\" src=\"https:\/\/lavereda.com.mx\/wp-content\/uploads\/2025\/09\/13MX.AMDT_.HHM_.C8.S3.F05Plaza-Torreon-2-1024x701.jpg\" alt=\"\" class=\"wp-image-7129\" style=\"width:480px;height:auto\" srcset=\"https:\/\/lavereda.com.mx\/wp-content\/uploads\/2025\/09\/13MX.AMDT_.HHM_.C8.S3.F05Plaza-Torreon-2-1024x701.jpg 1024w, https:\/\/lavereda.com.mx\/wp-content\/uploads\/2025\/09\/13MX.AMDT_.HHM_.C8.S3.F05Plaza-Torreon-2-300x205.jpg 300w, https:\/\/lavereda.com.mx\/wp-content\/uploads\/2025\/09\/13MX.AMDT_.HHM_.C8.S3.F05Plaza-Torreon-2-768x526.jpg 768w, https:\/\/lavereda.com.mx\/wp-content\/uploads\/2025\/09\/13MX.AMDT_.HHM_.C8.S3.F05Plaza-Torreon-2.jpg 1100w\" sizes=\"(max-width: 1024px) 100vw, 1024px\" \/><\/figure>\n\n\n\n<p><\/p>\n\n\n\n<p>OTRAS OBRAS IMPORTANTES DE LA \u00c9POCA:<\/p>\n\n\n\n<p>En octubre de 1907 dieron inicio los trabajos de construcci\u00f3n del Hospital Civil. En diciembre, el edificio de, mezcla y ladrillo, fierro y cemento, ten\u00eda ya construido parte del cuerpo central.<\/p>\n\n\n\n<p>Fonk Chuck, distinguido ciudadano de origen chino, de los primeros habitantes de Torre\u00f3n fue iniciador de la sociedad que estableci\u00f3 el Banco Chino en avenida Ju\u00e1rez y Valdez Carrillo. Despu\u00e9s fue el Banco Garza Gonz\u00e1lez y el Hotel La Espa\u00f1ola.<\/p>\n\n\n\n<p>El Casino de La Laguna se inaugur\u00f3 el 15 de septiembre de 1910 con un gran baile y recepci\u00f3n celebrando las fiestas patrias del Centenario de iniciaci\u00f3n de la Independencia.<\/p>\n\n\n\n<p><em>Fotos: Presidencia Municipal y Antigua Plaza de Armas. (Archivo Municipal de Torre\u00f3n<\/em>)<\/p>\n","protected":false},"excerpt":{"rendered":"<p>El 15 de septiembre se cumplen 118 a\u00f1os de que Torre\u00f3n fue elevada a la categor\u00eda de ciudad. Fue un 17 de junio de 1907, cuando el Gobernador del Estado &hellip; <a href=\"https:\/\/lavereda.com.mx\/index.php\/2025\/09\/15\/torreon-celebra-118-anos-como-ciudad\/\" class=\"more-link\">Leer m\u00e1s<\/a><\/p>\n","protected":false},"author":9,"featured_media":7130,"comment_status":"open","ping_status":"open","sticky":false,"template":"","format":"standard","meta":{"footnotes":""},"categories":[8],"tags":[33],"class_list":["post-7128","post","type-post","status-publish","format-standard","has-post-thumbnail","hentry","category-sociedad","tag-torreon-2","entry"],"_links":{"self":[{"href":"https:\/\/lavereda.com.mx\/index.php\/wp-json\/wp\/v2\/posts\/7128","targetHints":{"allow":["GET"]}}],"collection":[{"href":"https:\/\/lavereda.com.mx\/index.php\/wp-json\/wp\/v2\/posts"}],"about":[{"href":"https:\/\/lavereda.com.mx\/index.php\/wp-json\/wp\/v2\/types\/post"}],"author":[{"embeddable":true,"href":"https:\/\/lavereda.com.mx\/index.php\/wp-json\/wp\/v2\/users\/9"}],"replies":[{"embeddable":true,"href":"https:\/\/lavereda.com.mx\/index.php\/wp-json\/wp\/v2\/comments?post=7128"}],"version-history":[{"count":3,"href":"https:\/\/lavereda.com.mx\/index.php\/wp-json\/wp\/v2\/posts\/7128\/revisions"}],"predecessor-version":[{"id":7133,"href":"https:\/\/lavereda.com.mx\/index.php\/wp-json\/wp\/v2\/posts\/7128\/revisions\/7133"}],"wp:featuredmedia":[{"embeddable":true,"href":"https:\/\/lavereda.com.mx\/index.php\/wp-json\/wp\/v2\/media\/7130"}],"wp:attachment":[{"href":"https:\/\/lavereda.com.mx\/index.php\/wp-json\/wp\/v2\/media?parent=7128"}],"wp:term":[{"taxonomy":"category","embeddable":true,"href":"https:\/\/lavereda.com.mx\/index.php\/wp-json\/wp\/v2\/categories?post=7128"},{"taxonomy":"post_tag","embeddable":true,"href":"https:\/\/lavereda.com.mx\/index.php\/wp-json\/wp\/v2\/tags?post=7128"}],"curies":[{"name":"wp","href":"https:\/\/api.w.org\/{rel}","templated":true}]}}