{"id":7102,"date":"2025-08-31T15:58:13","date_gmt":"2025-08-31T15:58:13","guid":{"rendered":"https:\/\/lavereda.com.mx\/?p=7102"},"modified":"2025-08-31T15:58:14","modified_gmt":"2025-08-31T15:58:14","slug":"una-fiesta-sinfonica-en-el-primer-concierto-de-camerata-de-coahuila","status":"publish","type":"post","link":"https:\/\/lavereda.com.mx\/index.php\/2025\/08\/31\/una-fiesta-sinfonica-en-el-primer-concierto-de-camerata-de-coahuila\/","title":{"rendered":"Una fiesta sinf\u00f3nica en el primer concierto de Camerata de Coahuila"},"content":{"rendered":"\n<p>Una fiesta sinf\u00f3nica es la que regal\u00f3 la Camerata de Coahuila a su p\u00fablico el pasado viernes 29 de agosto en el Teatro Isauro Mart\u00ednez. La bienvenida de la temporada Oto\u00f1o Invierno 2025 cont\u00f3 con la destacada participaci\u00f3n del director Iv\u00e1n L\u00f3pez Reynoso, una de las batutas m\u00e1s relevantes de su generaci\u00f3n en M\u00e9xico y en el extranjero.<\/p>\n\n\n\n<p>El programa, de los periodos cl\u00e1sico y rom\u00e1ntico, incluy\u00f3 la Sinfon\u00eda No. 60 \u201cIl distratto\u201d de Joseph Haydn y la Sinfon\u00eda No. 3 de Johannes Brahms. Dos obras memorables que mostraron la calidad de cada secci\u00f3n de la orquesta: cuerdas, alientos, percusiones, en una gran comuni\u00f3n.<\/p>\n\n\n\n<p>El concierto titulado \u201cLegado Sinf\u00f3nico\u201d caus\u00f3 expectaci\u00f3n en el p\u00fablico por ser el inicio de una nueva temporada para una orquesta que vive cambios: el maestro Ram\u00f3n Shade ha dejado la direcci\u00f3n y la reconocida labor que realiz\u00f3 por 31 a\u00f1os ser\u00e1 retomada por Ethan Eager, un joven director con gran capacidad, talento y disciplina.<\/p>\n\n\n\n<p>El primer programa de la temporada cont\u00f3 con buena aceptaci\u00f3n del p\u00fablico, que deseaba conocer a un director invitado que se encuentra entre los m\u00e1s reconocidos de su tiempo.<\/p>\n\n\n\n<p>La versatilidad de Iv\u00e1n L\u00f3pez Reynoso, considerado como la batuta mexicana m\u00e1s importante de su generaci\u00f3n, lo ha llevado a dirigir distintas disciplinas y estilos como \u00f3pera, ballet, danza contempor\u00e1nea, m\u00fasica antigua y m\u00fasica contempor\u00e1nea.<\/p>\n\n\n\n<p>En junio de 2025 fue nombrado director Principal de \u201cThe Atlanta \u00d3pera\u201d.<\/p>\n\n\n\n<p>Por una hora y media, el p\u00fablico disfrut\u00f3 dos sinfon\u00edas que se encuentran entre las m\u00e1s destacadas y completas de sus periodos. Durante la Sinfon\u00eda 3 de Brahms, la m\u00fasica viaj\u00f3 de la calma a la intensidad, pasando por el <em>Adagio<\/em> al <em>Presto<\/em> con fuerte energ\u00eda y expresividad.<\/p>\n\n\n\n<p>El siguiente concierto de la temporada ser\u00e1 \u201cM\u00e9xico Sinf\u00f3nico\u201d el 12 de septiembre en el Teatro Nazas.<\/p>\n\n\n\n<figure class=\"wp-block-image size-large is-resized\"><img fetchpriority=\"high\" decoding=\"async\" width=\"1024\" height=\"592\" src=\"https:\/\/lavereda.com.mx\/wp-content\/uploads\/2025\/08\/IMG_4941-1024x592.jpg\" alt=\"\" class=\"wp-image-7106\" style=\"width:489px;height:auto\" srcset=\"https:\/\/lavereda.com.mx\/wp-content\/uploads\/2025\/08\/IMG_4941-1024x592.jpg 1024w, https:\/\/lavereda.com.mx\/wp-content\/uploads\/2025\/08\/IMG_4941-300x173.jpg 300w, https:\/\/lavereda.com.mx\/wp-content\/uploads\/2025\/08\/IMG_4941-768x444.jpg 768w, https:\/\/lavereda.com.mx\/wp-content\/uploads\/2025\/08\/IMG_4941.jpg 1100w\" sizes=\"(max-width: 1024px) 100vw, 1024px\" \/><\/figure>\n\n\n\n<p><\/p>\n","protected":false},"excerpt":{"rendered":"<p>Una fiesta sinf\u00f3nica es la que regal\u00f3 la Camerata de Coahuila a su p\u00fablico el pasado viernes 29 de agosto en el Teatro Isauro Mart\u00ednez. La bienvenida de la temporada &hellip; <a href=\"https:\/\/lavereda.com.mx\/index.php\/2025\/08\/31\/una-fiesta-sinfonica-en-el-primer-concierto-de-camerata-de-coahuila\/\" class=\"more-link\">Leer m\u00e1s<\/a><\/p>\n","protected":false},"author":9,"featured_media":7105,"comment_status":"open","ping_status":"open","sticky":false,"template":"","format":"standard","meta":{"footnotes":""},"categories":[4],"tags":[],"class_list":["post-7102","post","type-post","status-publish","format-standard","has-post-thumbnail","hentry","category-musica","entry"],"_links":{"self":[{"href":"https:\/\/lavereda.com.mx\/index.php\/wp-json\/wp\/v2\/posts\/7102","targetHints":{"allow":["GET"]}}],"collection":[{"href":"https:\/\/lavereda.com.mx\/index.php\/wp-json\/wp\/v2\/posts"}],"about":[{"href":"https:\/\/lavereda.com.mx\/index.php\/wp-json\/wp\/v2\/types\/post"}],"author":[{"embeddable":true,"href":"https:\/\/lavereda.com.mx\/index.php\/wp-json\/wp\/v2\/users\/9"}],"replies":[{"embeddable":true,"href":"https:\/\/lavereda.com.mx\/index.php\/wp-json\/wp\/v2\/comments?post=7102"}],"version-history":[{"count":2,"href":"https:\/\/lavereda.com.mx\/index.php\/wp-json\/wp\/v2\/posts\/7102\/revisions"}],"predecessor-version":[{"id":7107,"href":"https:\/\/lavereda.com.mx\/index.php\/wp-json\/wp\/v2\/posts\/7102\/revisions\/7107"}],"wp:featuredmedia":[{"embeddable":true,"href":"https:\/\/lavereda.com.mx\/index.php\/wp-json\/wp\/v2\/media\/7105"}],"wp:attachment":[{"href":"https:\/\/lavereda.com.mx\/index.php\/wp-json\/wp\/v2\/media?parent=7102"}],"wp:term":[{"taxonomy":"category","embeddable":true,"href":"https:\/\/lavereda.com.mx\/index.php\/wp-json\/wp\/v2\/categories?post=7102"},{"taxonomy":"post_tag","embeddable":true,"href":"https:\/\/lavereda.com.mx\/index.php\/wp-json\/wp\/v2\/tags?post=7102"}],"curies":[{"name":"wp","href":"https:\/\/api.w.org\/{rel}","templated":true}]}}