{"id":7083,"date":"2025-08-21T01:12:04","date_gmt":"2025-08-21T01:12:04","guid":{"rendered":"https:\/\/lavereda.com.mx\/?p=7083"},"modified":"2025-08-21T01:12:48","modified_gmt":"2025-08-21T01:12:48","slug":"camerata-de-coahuila-regresa-a-escena-con-la-direccion-de-ethan-eager","status":"publish","type":"post","link":"https:\/\/lavereda.com.mx\/index.php\/2025\/08\/21\/camerata-de-coahuila-regresa-a-escena-con-la-direccion-de-ethan-eager\/","title":{"rendered":"Camerata de Coahuila regresa a escena con la direcci\u00f3n de Ethan Eager"},"content":{"rendered":"\n<p>Camerata de Coahuila anunci\u00f3 su temporada Oto\u00f1o Invierno 2025 con la direcci\u00f3n art\u00edstica de Ethan Eager, tambi\u00e9n director de la Sinf\u00f3nica Juvenil de Torre\u00f3n, quien dio a conocer algunos detalles de la nueva programaci\u00f3n que arranca este 29 de agosto en el Teatro Isauro Mart\u00ednez.<\/p>\n\n\n\n<p>En junio pasado fue anunciada la salida del maestro Ram\u00f3n Shade como director art\u00edstico de la orquesta durante 30 a\u00f1os.<\/p>\n\n\n\n<p>En rueda de prensa, el director ejecutivo Carlos Casta\u00f1\u00f3n, anunci\u00f3 que \u201cel maestro Ram\u00f3n Shade recibir\u00e1 un homenaje solemne en el Teatro Isauro Mart\u00ednez, \u00e9l va a tener su concierto de despedida para la primera semana de noviembre, se le otorgar\u00e1 un reconocimiento p\u00fablico por parte de Camerata y el Ayuntamiento de Torre\u00f3n, por la gran labor que hizo y form\u00f3, gracias al maestro Ram\u00f3n Shade estamos aqu\u00ed\u201d.<\/p>\n\n\n\n<p>Ethan Eager comparti\u00f3 que esta temporada contar\u00e1 con una programaci\u00f3n especial que incluye el concierto \u201cM\u00e9xico Sinf\u00f3nico\u201d en septiembre, \u201cEl lago de los Cisnes\u201d, de Tchaikovsky, \u201cLuces, Camerata, Acci\u00f3n\u201d, edici\u00f3n Harry Potter, y \u201cNavidad de pel\u00edcula\u201d, entre otros m\u00e1s.<\/p>\n\n\n\n<blockquote class=\"wp-block-quote is-layout-flow wp-block-quote-is-layout-flow\">\n<p>\u201cEstoy muy emocionado y agradecido estar frente a la Camerata y el privilegio que eso implica, el programa es emocionante, divertido, muy variado, el primer concierto la semana que en entra es con el gran director invitado Iv\u00e1n L\u00f3pez Reynoso\u201d, expres\u00f3.<\/p>\n<\/blockquote>\n\n\n\n<p>El director mencion\u00f3 que varias de las obras de esta temporada ser\u00e1n interpretadas por primera vez por la orquesta, como la sinfon\u00eda 3 de Brahms. Detall\u00f3 que en el concierto \u201cM\u00e9xico Sinf\u00f3nico\u201d que ser\u00e1 en el Teatro Nazas , se tocar\u00e1n obras cl\u00e1sicas del repertorio mexicano y tambi\u00e9n de compositores contempor\u00e1neos.<\/p>\n\n\n\n<figure class=\"wp-block-image size-large is-resized\"><img fetchpriority=\"high\" decoding=\"async\" width=\"1024\" height=\"768\" src=\"https:\/\/lavereda.com.mx\/wp-content\/uploads\/2025\/08\/ruedacamerata1-1024x768.jpeg\" alt=\"\" class=\"wp-image-7084\" style=\"width:428px;height:auto\" srcset=\"https:\/\/lavereda.com.mx\/wp-content\/uploads\/2025\/08\/ruedacamerata1-1024x768.jpeg 1024w, https:\/\/lavereda.com.mx\/wp-content\/uploads\/2025\/08\/ruedacamerata1-300x225.jpeg 300w, https:\/\/lavereda.com.mx\/wp-content\/uploads\/2025\/08\/ruedacamerata1-768x576.jpeg 768w, https:\/\/lavereda.com.mx\/wp-content\/uploads\/2025\/08\/ruedacamerata1.jpeg 1200w\" sizes=\"(max-width: 1024px) 100vw, 1024px\" \/><\/figure>\n\n\n\n<p><\/p>\n\n\n\n<p>Se incluir\u00e1 m\u00fasica para ballet, m\u00fasica n\u00f3rdica, la Sinfon\u00eda 2 de Sibelius, entre otras obras atractivas para todo p\u00fablico, a\u00f1adi\u00f3. La temporada concluir\u00e1 el diciembre con el concierto \u201cNavidad de pel\u00edcula\u201d.<\/p>\n\n\n\n<p>Sobre su nueva posici\u00f3n como director de la orquesta, Ethan Eager expres\u00f3:<\/p>\n\n\n\n<blockquote class=\"wp-block-quote is-layout-flow wp-block-quote-is-layout-flow\">\n<p>\u00abEs un gran honor, sin el maestro Ramon Sahde no estar\u00eda la Camerata en el gran nivel musical en el que se encuentra, tiene 30 a\u00f1os en este nivel, honor a quien honor merece, hizo grandes cosas que se les seguir\u00e1n reconociendo, con gran honor y gratitud al pasado nos enfocamos a lo que sigue\u00bb.<\/p>\n<\/blockquote>\n\n\n\n<p>La Camerata anunci\u00f3 que continuar\u00e1 ofreciendo un 50 por ciento de descuento en todos sus conciertos para estudiantes, docentes y personas con INAPAM.<\/p>\n\n\n\n<p>La temporada inicia con el \u201cConcierto Sinf\u00f3nico\u201d, este viernes 29 de agosto en el Teatro Isauro Mart\u00ednez, bajo la direcci\u00f3n del maestro Iv\u00e1n L\u00f3pez Reynoso. El programa incluir\u00e1 la Sinfon\u00eda No. 3 de Johannes Brahms y la Sinfon\u00eda No. 60 \u201cIl distratto\u201d de Joseph Haydn.<\/p>\n","protected":false},"excerpt":{"rendered":"<p>Camerata de Coahuila anunci\u00f3 su temporada Oto\u00f1o Invierno 2025 con la direcci\u00f3n art\u00edstica de Ethan Eager, tambi\u00e9n director de la Sinf\u00f3nica Juvenil de Torre\u00f3n, quien dio a conocer algunos detalles &hellip; <a href=\"https:\/\/lavereda.com.mx\/index.php\/2025\/08\/21\/camerata-de-coahuila-regresa-a-escena-con-la-direccion-de-ethan-eager\/\" class=\"more-link\">Leer m\u00e1s<\/a><\/p>\n","protected":false},"author":9,"featured_media":7085,"comment_status":"open","ping_status":"open","sticky":false,"template":"","format":"standard","meta":{"footnotes":""},"categories":[4],"tags":[26],"class_list":["post-7083","post","type-post","status-publish","format-standard","has-post-thumbnail","hentry","category-musica","tag-camerata-de-coahuila","entry"],"_links":{"self":[{"href":"https:\/\/lavereda.com.mx\/index.php\/wp-json\/wp\/v2\/posts\/7083","targetHints":{"allow":["GET"]}}],"collection":[{"href":"https:\/\/lavereda.com.mx\/index.php\/wp-json\/wp\/v2\/posts"}],"about":[{"href":"https:\/\/lavereda.com.mx\/index.php\/wp-json\/wp\/v2\/types\/post"}],"author":[{"embeddable":true,"href":"https:\/\/lavereda.com.mx\/index.php\/wp-json\/wp\/v2\/users\/9"}],"replies":[{"embeddable":true,"href":"https:\/\/lavereda.com.mx\/index.php\/wp-json\/wp\/v2\/comments?post=7083"}],"version-history":[{"count":1,"href":"https:\/\/lavereda.com.mx\/index.php\/wp-json\/wp\/v2\/posts\/7083\/revisions"}],"predecessor-version":[{"id":7086,"href":"https:\/\/lavereda.com.mx\/index.php\/wp-json\/wp\/v2\/posts\/7083\/revisions\/7086"}],"wp:featuredmedia":[{"embeddable":true,"href":"https:\/\/lavereda.com.mx\/index.php\/wp-json\/wp\/v2\/media\/7085"}],"wp:attachment":[{"href":"https:\/\/lavereda.com.mx\/index.php\/wp-json\/wp\/v2\/media?parent=7083"}],"wp:term":[{"taxonomy":"category","embeddable":true,"href":"https:\/\/lavereda.com.mx\/index.php\/wp-json\/wp\/v2\/categories?post=7083"},{"taxonomy":"post_tag","embeddable":true,"href":"https:\/\/lavereda.com.mx\/index.php\/wp-json\/wp\/v2\/tags?post=7083"}],"curies":[{"name":"wp","href":"https:\/\/api.w.org\/{rel}","templated":true}]}}