{"id":7069,"date":"2025-08-19T19:42:43","date_gmt":"2025-08-19T19:42:43","guid":{"rendered":"https:\/\/lavereda.com.mx\/?p=7069"},"modified":"2025-08-19T19:42:43","modified_gmt":"2025-08-19T19:42:43","slug":"artistas-de-vanguardia-en-el-festival-internacional-cervantino-2025","status":"publish","type":"post","link":"https:\/\/lavereda.com.mx\/index.php\/2025\/08\/19\/artistas-de-vanguardia-en-el-festival-internacional-cervantino-2025\/","title":{"rendered":"Artistas de vanguardia en el Festival Internacional Cervantino 2025"},"content":{"rendered":"\n<p>El Festival Internacional Cervantino (FIC), en su edici\u00f3n 53, presenta una programaci\u00f3n que re\u00fane a artistas de vanguardia de talla internacional. Cada propuesta danc\u00edstica, \u00f3pera, puesta en escena,&nbsp;<em>performance<\/em>&nbsp;y concierto, entre muchas otras actividades, expanden los horizontes culturales, informaron los organizadores.<\/p>\n\n\n\n<p>Destaca el concierto de jazz \u201cBagatelles de John Zorn\u201d del compositor, arreglista y trompetista londinense Sam Eastmond, como parte de las actividades de Reino Unido, invitado de honor al Cervantino; compuesto por trescientas piezas breves, a trav\u00e9s de un ensamble de c\u00e1mara contempor\u00e1neo, el concierto tiene un enfoque abierto, colaborativo y expresivo. Tendr\u00e1 lugar en la explanada de la Alh\u00f3ndiga de Granaditas el s\u00e1bado 11 de octubre a las 20 h.<\/p>\n\n\n\n<p>Las composiciones, para Eastmond, irrumpen en su vida diaria como lo hace una \u201cbandada de cotorras verdes en el cielo del oeste de Londres\u201d, un destello inesperado que transforma el paisaje.<\/p>\n\n\n\n<p>Por primera vez en M\u00e9xico, se presentar\u00e1 el colectivo \u201cKaoru Watanabe y Bloodlines Interwoven\u201d con un excepcional concierto de jazz en el Teatro Ju\u00e1rez, el domingo 12 de octubre a las 21 h. La agrupaci\u00f3n fue concebida como un di\u00e1logo entre m\u00fasicos y artistas de diversas di\u00e1sporas que generan un intercambio profundo de los elementos que constituyen la cultura: el lenguaje, la comida, las religiones, las costumbres y las filosof\u00edas.<\/p>\n\n\n\n<p>El jazz \u2013afirma Sun Ra\u2013 no naci\u00f3 en la Tierra, sino que es un fuego estelar convertido en sonido. El escenario del Festival Internacional Cervantino ser\u00e1 el lugar en el que los ritmos se encontrar\u00e1n con sintetizadores para honrar el legado del m\u00edtico m\u00fasico estadounidense con la agrupaci\u00f3n Sun Ra Arkestra. El magno concierto tendr\u00e1 lugar en la explanada de la Alh\u00f3ndiga de Granaditas el s\u00e1bado 25 de octubre, 20 horas.<\/p>\n\n\n\n<p>En otro rubro, uno de los n\u00fameros sin precedente en la historia de&nbsp;<em>la fiesta del esp\u00edritu<\/em>&nbsp;ser\u00e1 la sesi\u00f3n de m\u00fasica electr\u00f3nica \u201cCircle of Life\u201d, dirigida por el artista sueco Sebastian Mullaert, presentado en colaboraci\u00f3n con MUTEK M\u00e9xico en la explanada de la Alh\u00f3ndiga de Granaditas, el domingo 20 de octubre a las 20 h.<\/p>\n\n\n\n<p>Desde su primera presentaci\u00f3n en 2018, \u201cCircle of Life\u201d consiste en una<em>&nbsp;jam session<\/em>&nbsp;extendida sin formatos predefinidos. Las actuaciones se desarrollan en solitario o en colaboraci\u00f3n; lo m\u00e1s importante es el flujo de la m\u00fasica y el momento compartido.<\/p>\n\n\n\n<p>Entre los imperdibles cervantinos de teatro destaca la participaci\u00f3n de la directora y dramaturga espa\u00f1ola Ang\u00e9lica Liddell, referente del teatro contempor\u00e1neo internacional, con la puesta en escena de la obra \u201cTerebrante\u201d de la compa\u00f1\u00eda Atra Bilis Teatro; una pieza que cruza con el mundo del flamenco y desaf\u00eda las convenciones tradicionales del g\u00e9nero musical al prescindir del canto, el baile y las palmas, centr\u00e1ndose \u00fanicamente en la causa del sufrimiento.<\/p>\n\n\n\n<p>Fundada por Liddell, Atra Bilis Teatro ha recibido importantes reconocimientos en el Festival de Avignon, el Festival de Viena, la Schaub\u00fchne de Berl\u00edn y el Th\u00e9\u00e2tre de l\u2019Od\u00e9on de Par\u00eds, entre otros. \u201cTerebrante\u201d se presentar\u00e1 con dos \u00fanicas funciones el s\u00e1bado 11 y domingo 12 de octubre, en punto de las 20 h.<\/p>\n\n\n\n<p>Uno de los estrenos en M\u00e9xico m\u00e1s esperados en la presente edici\u00f3n es el del&nbsp;<em>performance<\/em>&nbsp;\u201cNeoArctic\u201d, creado por la compa\u00f1\u00eda Hotel Pro Forma, proveniente de Dinamarca y Letonia. La propuesta se sit\u00faa en el contexto del Antropoceno, marcado por la profunda alteraci\u00f3n de los ecosistemas que distingue a la actividad humana, y plantea una reflexi\u00f3n est\u00e9tica y sensorial sobre los efectos del cambio clim\u00e1tico. Se apreciar\u00e1 en el Auditorio del Estado los d\u00edas viernes 17 a las 20 h y s\u00e1bado 18 de octubre, a las 12 y 20 h.<br>Finalmente, bajo la batuta de Stefan Lano, director concertador, y con la direcci\u00f3n esc\u00e9nica de Mauricio Garc\u00eda Lozano y la escenograf\u00eda de Jorge Balllina, se destaca la \u00f3pera \u201cElektra\u201d, de Richard Strauss, con la Compa\u00f1\u00eda Nacional de \u00d3pera del Instituto Nacional de Bellas Artes y Literatura (INBAL).<\/p>\n\n\n\n<p>La 53 edici\u00f3n del Festival Internacional Cervantino ofrecer\u00e1, durante 17 d\u00edas, 140 funciones y 88 presentaciones en 17 foros. Dar\u00e1 cabida a 44 grupos nacionales y 44 internacionales, con lo que se reunir\u00e1n un total de 3,458 artistas, de los cuales 2,938 son mexicanos y 520 provenientes de 31 pa\u00edses.<\/p>\n\n\n\n<figure class=\"wp-block-gallery has-nested-images columns-default is-cropped wp-block-gallery-1 is-layout-flex wp-block-gallery-is-layout-flex\">\n<figure class=\"wp-block-image size-large\"><img fetchpriority=\"high\" decoding=\"async\" width=\"1024\" height=\"683\" data-id=\"7077\" src=\"https:\/\/lavereda.com.mx\/wp-content\/uploads\/2025\/08\/Atra-Bilis-Teatro-2-1-1024x683.png\" alt=\"\" class=\"wp-image-7077\" srcset=\"https:\/\/lavereda.com.mx\/wp-content\/uploads\/2025\/08\/Atra-Bilis-Teatro-2-1-1024x683.png 1024w, https:\/\/lavereda.com.mx\/wp-content\/uploads\/2025\/08\/Atra-Bilis-Teatro-2-1-300x200.png 300w, https:\/\/lavereda.com.mx\/wp-content\/uploads\/2025\/08\/Atra-Bilis-Teatro-2-1-768x512.png 768w, https:\/\/lavereda.com.mx\/wp-content\/uploads\/2025\/08\/Atra-Bilis-Teatro-2-1.png 1200w\" sizes=\"(max-width: 1024px) 100vw, 1024px\" \/><\/figure>\n\n\n\n<figure class=\"wp-block-image size-large\"><img decoding=\"async\" width=\"1024\" height=\"683\" data-id=\"7076\" src=\"https:\/\/lavereda.com.mx\/wp-content\/uploads\/2025\/08\/Circle-of-live-1-1-1024x683.png\" alt=\"\" class=\"wp-image-7076\" srcset=\"https:\/\/lavereda.com.mx\/wp-content\/uploads\/2025\/08\/Circle-of-live-1-1-1024x683.png 1024w, https:\/\/lavereda.com.mx\/wp-content\/uploads\/2025\/08\/Circle-of-live-1-1-300x200.png 300w, https:\/\/lavereda.com.mx\/wp-content\/uploads\/2025\/08\/Circle-of-live-1-1-768x512.png 768w, https:\/\/lavereda.com.mx\/wp-content\/uploads\/2025\/08\/Circle-of-live-1-1.png 1200w\" sizes=\"(max-width: 1024px) 100vw, 1024px\" \/><\/figure>\n\n\n\n<figure class=\"wp-block-image size-large\"><img decoding=\"async\" width=\"1024\" height=\"683\" data-id=\"7075\" src=\"https:\/\/lavereda.com.mx\/wp-content\/uploads\/2025\/08\/Sam-Eastmond-1024x683.png\" alt=\"\" class=\"wp-image-7075\" srcset=\"https:\/\/lavereda.com.mx\/wp-content\/uploads\/2025\/08\/Sam-Eastmond-1024x683.png 1024w, https:\/\/lavereda.com.mx\/wp-content\/uploads\/2025\/08\/Sam-Eastmond-300x200.png 300w, https:\/\/lavereda.com.mx\/wp-content\/uploads\/2025\/08\/Sam-Eastmond-768x512.png 768w, https:\/\/lavereda.com.mx\/wp-content\/uploads\/2025\/08\/Sam-Eastmond.png 1200w\" sizes=\"(max-width: 1024px) 100vw, 1024px\" \/><\/figure>\n<\/figure>\n","protected":false},"excerpt":{"rendered":"<p>El Festival Internacional Cervantino (FIC), en su edici\u00f3n 53, presenta una programaci\u00f3n que re\u00fane a artistas de vanguardia de talla internacional. Cada propuesta danc\u00edstica, \u00f3pera, puesta en escena,&nbsp;performance&nbsp;y concierto, entre &hellip; <a href=\"https:\/\/lavereda.com.mx\/index.php\/2025\/08\/19\/artistas-de-vanguardia-en-el-festival-internacional-cervantino-2025\/\" class=\"more-link\">Leer m\u00e1s<\/a><\/p>\n","protected":false},"author":1,"featured_media":7073,"comment_status":"open","ping_status":"open","sticky":false,"template":"","format":"standard","meta":{"footnotes":""},"categories":[2],"tags":[],"class_list":["post-7069","post","type-post","status-publish","format-standard","has-post-thumbnail","hentry","category-artes-escenicas","entry"],"_links":{"self":[{"href":"https:\/\/lavereda.com.mx\/index.php\/wp-json\/wp\/v2\/posts\/7069","targetHints":{"allow":["GET"]}}],"collection":[{"href":"https:\/\/lavereda.com.mx\/index.php\/wp-json\/wp\/v2\/posts"}],"about":[{"href":"https:\/\/lavereda.com.mx\/index.php\/wp-json\/wp\/v2\/types\/post"}],"author":[{"embeddable":true,"href":"https:\/\/lavereda.com.mx\/index.php\/wp-json\/wp\/v2\/users\/1"}],"replies":[{"embeddable":true,"href":"https:\/\/lavereda.com.mx\/index.php\/wp-json\/wp\/v2\/comments?post=7069"}],"version-history":[{"count":2,"href":"https:\/\/lavereda.com.mx\/index.php\/wp-json\/wp\/v2\/posts\/7069\/revisions"}],"predecessor-version":[{"id":7078,"href":"https:\/\/lavereda.com.mx\/index.php\/wp-json\/wp\/v2\/posts\/7069\/revisions\/7078"}],"wp:featuredmedia":[{"embeddable":true,"href":"https:\/\/lavereda.com.mx\/index.php\/wp-json\/wp\/v2\/media\/7073"}],"wp:attachment":[{"href":"https:\/\/lavereda.com.mx\/index.php\/wp-json\/wp\/v2\/media?parent=7069"}],"wp:term":[{"taxonomy":"category","embeddable":true,"href":"https:\/\/lavereda.com.mx\/index.php\/wp-json\/wp\/v2\/categories?post=7069"},{"taxonomy":"post_tag","embeddable":true,"href":"https:\/\/lavereda.com.mx\/index.php\/wp-json\/wp\/v2\/tags?post=7069"}],"curies":[{"name":"wp","href":"https:\/\/api.w.org\/{rel}","templated":true}]}}