{"id":7066,"date":"2025-08-18T01:57:38","date_gmt":"2025-08-18T01:57:38","guid":{"rendered":"https:\/\/lavereda.com.mx\/?p=7066"},"modified":"2025-08-18T01:57:39","modified_gmt":"2025-08-18T01:57:39","slug":"platonico","status":"publish","type":"post","link":"https:\/\/lavereda.com.mx\/index.php\/2025\/08\/18\/platonico\/","title":{"rendered":"Plat\u00f3nico"},"content":{"rendered":"\n<p><strong>Platonic S02 (2025)<\/strong><\/p>\n\n\n\n<p>Apple TV+<\/p>\n\n\n\n<p>En esta segunda temporada, regresan las historias de una pareja inusual: Sylvia (Rose Byrne) y Will (Seth Rogen). Son mejores amigos y tienen una confianza total, pero nunca cruzan la l\u00ednea de la relaci\u00f3n interpersonal. Ella tiene familia con hijos, su pareja sabe de esa relaci\u00f3n afectiva, y la permite. Precisamente Sylvia, en su trabajo como planeadora de bodas, organiza la de Will con su novia, quien tambi\u00e9n ve normal esta inusual amistad. Pero hay muchos inconvenientes que se atraviesan en el camino.<\/p>\n\n\n\n<p>Es realmente hilarante la forma en que se comporta el d\u00fao a lo largo de la serie, como adolescentes, tratando de resolver sus problemas existenciales y personales, pero manteni\u00e9ndose en la esfera de amigos.<\/p>\n\n\n\n<p>Todo ocurre en tono de comedia para adultos, con la firma de Rogen, en un universo donde todo es pr\u00f3spero y relajado.<\/p>\n\n\n\n<p>La qu\u00edmica entre los protagonistas es incre\u00edble.<\/p>\n\n\n\n<p>(R. Restringido; menores de 17 deben estar acompa\u00f1ados de sus padres)<\/p>\n\n\n\n<p>@LucianoCamposG<\/p>\n\n\n\n<figure class=\"wp-block-embed is-type-video is-provider-youtube wp-block-embed-youtube wp-embed-aspect-16-9 wp-has-aspect-ratio\"><div class=\"wp-block-embed__wrapper\">\n<iframe title=\"Plat\u00f3nico \u2014 Tr\u00e1iler oficial de la segunda temporada | Apple\u00a0TV+\" width=\"1170\" height=\"658\" src=\"https:\/\/www.youtube.com\/embed\/B5m1zyk0z3s?feature=oembed\" frameborder=\"0\" allow=\"accelerometer; autoplay; clipboard-write; encrypted-media; gyroscope; picture-in-picture; web-share\" referrerpolicy=\"strict-origin-when-cross-origin\" allowfullscreen><\/iframe>\n<\/div><\/figure>\n","protected":false},"excerpt":{"rendered":"<p>Platonic S02 (2025) Apple TV+ En esta segunda temporada, regresan las historias de una pareja inusual: Sylvia (Rose Byrne) y Will (Seth Rogen). Son mejores amigos y tienen una confianza &hellip; <a href=\"https:\/\/lavereda.com.mx\/index.php\/2025\/08\/18\/platonico\/\" class=\"more-link\">Leer m\u00e1s<\/a><\/p>\n","protected":false},"author":3,"featured_media":7067,"comment_status":"open","ping_status":"open","sticky":false,"template":"","format":"standard","meta":{"footnotes":""},"categories":[6],"tags":[],"class_list":["post-7066","post","type-post","status-publish","format-standard","has-post-thumbnail","hentry","category-cinetv","entry"],"_links":{"self":[{"href":"https:\/\/lavereda.com.mx\/index.php\/wp-json\/wp\/v2\/posts\/7066","targetHints":{"allow":["GET"]}}],"collection":[{"href":"https:\/\/lavereda.com.mx\/index.php\/wp-json\/wp\/v2\/posts"}],"about":[{"href":"https:\/\/lavereda.com.mx\/index.php\/wp-json\/wp\/v2\/types\/post"}],"author":[{"embeddable":true,"href":"https:\/\/lavereda.com.mx\/index.php\/wp-json\/wp\/v2\/users\/3"}],"replies":[{"embeddable":true,"href":"https:\/\/lavereda.com.mx\/index.php\/wp-json\/wp\/v2\/comments?post=7066"}],"version-history":[{"count":1,"href":"https:\/\/lavereda.com.mx\/index.php\/wp-json\/wp\/v2\/posts\/7066\/revisions"}],"predecessor-version":[{"id":7068,"href":"https:\/\/lavereda.com.mx\/index.php\/wp-json\/wp\/v2\/posts\/7066\/revisions\/7068"}],"wp:featuredmedia":[{"embeddable":true,"href":"https:\/\/lavereda.com.mx\/index.php\/wp-json\/wp\/v2\/media\/7067"}],"wp:attachment":[{"href":"https:\/\/lavereda.com.mx\/index.php\/wp-json\/wp\/v2\/media?parent=7066"}],"wp:term":[{"taxonomy":"category","embeddable":true,"href":"https:\/\/lavereda.com.mx\/index.php\/wp-json\/wp\/v2\/categories?post=7066"},{"taxonomy":"post_tag","embeddable":true,"href":"https:\/\/lavereda.com.mx\/index.php\/wp-json\/wp\/v2\/tags?post=7066"}],"curies":[{"name":"wp","href":"https:\/\/api.w.org\/{rel}","templated":true}]}}