{"id":7057,"date":"2025-08-16T16:58:12","date_gmt":"2025-08-16T16:58:12","guid":{"rendered":"https:\/\/lavereda.com.mx\/?p=7057"},"modified":"2025-08-16T16:58:13","modified_gmt":"2025-08-16T16:58:13","slug":"anuncian-el-festival-perimetro-origen-en-el-centro-historico","status":"publish","type":"post","link":"https:\/\/lavereda.com.mx\/index.php\/2025\/08\/16\/anuncian-el-festival-perimetro-origen-en-el-centro-historico\/","title":{"rendered":"Anuncian el festival Per\u00edmetro Origen en el Centro Hist\u00f3rico"},"content":{"rendered":"\n<p>Con el fin de dirigir las miradas de las y los laguneros hacia el Centro Hist\u00f3rico, el coraz\u00f3n de Torre\u00f3n, del 20 al 24 de agosto se realizar\u00e1 el festival cultural \u201cPer\u00edmetro Origen\u201d por segundo a\u00f1o consecutivo.<\/p>\n\n\n\n<p>Este festival es un esfuerzo ciudadano que nace en Casa La Morelos en alianza y colaboraci\u00f3n con el Museo Arocena y el Archivo Municipal de Torre\u00f3 Eduardo Guerra, a esta alianza se suman museos del gobierno municipal.<\/p>\n\n\n\n<p>En rueda de prensa los organizadores comentaron que es este festival nace en 2024 con la visi\u00f3n de \u201cser el Festival de arte y cultura referente de la Comarca Lagunera\u201d y la misi\u00f3n de \u201cser una plataforma creativa que fortalezca y difunda el trabajo de los distintos actores culturales de la regi\u00f3n teniendo como epicentro el Centro Hist\u00f3rico de Torre\u00f3n\u201d.<\/p>\n\n\n\n<p>En cinco d\u00edas de actividades, el p\u00fablico podr\u00e1 encontrar exposiciones de arte visual, recorridos guiados a museos, talleres para toda la familia, conciertos, tianguis, performance, entre otros.<\/p>\n\n\n\n<p>Adem\u00e1s, conferencias, visitas a edificios hist\u00f3ricos y rutas culturales para reflexionar sobre la cultura, historia y sociedad. Algunas de las rutas ser\u00e1n Ruta QR del Centro Hist\u00f3rico y Recorrido de Leyendas Hist\u00f3ricas.<\/p>\n\n\n\n<p>El Museo Arocena se une con las exhibiciones permanentes de arte europeo y novohispano, as\u00ed como la historia de M\u00e9xico y la regi\u00f3n Laguna a trav\u00e9s de piezas \u00fanicas, recursos audiovisuales e interactivos.<\/p>\n\n\n\n<p>Tambi\u00e9n las exposiciones temporales, como \u201cFiguras del sue\u00f1o\u201d, que celebra la ilustraci\u00f3n literaria de Gabriel Pacheco, y \u201cNodo de arte contempor\u00e1neo\u201d, con obras de m\u00e1s de 90 artistas que muestran una visi\u00f3n actual de la cultura y sociedad mexicana.<\/p>\n\n\n\n<p>La intenci\u00f3n Per\u00edmetro Origen es que m\u00e1s personas conozcan las instituciones culturales de este sector, fortalecer un retorno al centro, visibilizar los activos culturales de la zona del centro hist\u00f3rico y tener m\u00e1s espacios para apreciar el arte y la cultura.<\/p>\n\n\n\n<p>La cartelera puede consultarse en las redes sociales del festival: perimetro_origen.<\/p>\n\n\n\n<p><em>Foto: <a href=\"https:\/\/www.torreon.gob.mx\/centrohistorico\">https:\/\/www.torreon.gob.mx\/centrohistorico<\/a><\/em><\/p>\n","protected":false},"excerpt":{"rendered":"<p>Con el fin de dirigir las miradas de las y los laguneros hacia el Centro Hist\u00f3rico, el coraz\u00f3n de Torre\u00f3n, del 20 al 24 de agosto se realizar\u00e1 el festival &hellip; <a href=\"https:\/\/lavereda.com.mx\/index.php\/2025\/08\/16\/anuncian-el-festival-perimetro-origen-en-el-centro-historico\/\" class=\"more-link\">Leer m\u00e1s<\/a><\/p>\n","protected":false},"author":9,"featured_media":7064,"comment_status":"open","ping_status":"open","sticky":false,"template":"","format":"standard","meta":{"footnotes":""},"categories":[3],"tags":[],"class_list":["post-7057","post","type-post","status-publish","format-standard","has-post-thumbnail","hentry","category-artes-visuales","entry"],"_links":{"self":[{"href":"https:\/\/lavereda.com.mx\/index.php\/wp-json\/wp\/v2\/posts\/7057","targetHints":{"allow":["GET"]}}],"collection":[{"href":"https:\/\/lavereda.com.mx\/index.php\/wp-json\/wp\/v2\/posts"}],"about":[{"href":"https:\/\/lavereda.com.mx\/index.php\/wp-json\/wp\/v2\/types\/post"}],"author":[{"embeddable":true,"href":"https:\/\/lavereda.com.mx\/index.php\/wp-json\/wp\/v2\/users\/9"}],"replies":[{"embeddable":true,"href":"https:\/\/lavereda.com.mx\/index.php\/wp-json\/wp\/v2\/comments?post=7057"}],"version-history":[{"count":2,"href":"https:\/\/lavereda.com.mx\/index.php\/wp-json\/wp\/v2\/posts\/7057\/revisions"}],"predecessor-version":[{"id":7065,"href":"https:\/\/lavereda.com.mx\/index.php\/wp-json\/wp\/v2\/posts\/7057\/revisions\/7065"}],"wp:featuredmedia":[{"embeddable":true,"href":"https:\/\/lavereda.com.mx\/index.php\/wp-json\/wp\/v2\/media\/7064"}],"wp:attachment":[{"href":"https:\/\/lavereda.com.mx\/index.php\/wp-json\/wp\/v2\/media?parent=7057"}],"wp:term":[{"taxonomy":"category","embeddable":true,"href":"https:\/\/lavereda.com.mx\/index.php\/wp-json\/wp\/v2\/categories?post=7057"},{"taxonomy":"post_tag","embeddable":true,"href":"https:\/\/lavereda.com.mx\/index.php\/wp-json\/wp\/v2\/tags?post=7057"}],"curies":[{"name":"wp","href":"https:\/\/api.w.org\/{rel}","templated":true}]}}