{"id":7051,"date":"2025-08-14T01:50:12","date_gmt":"2025-08-14T01:50:12","guid":{"rendered":"https:\/\/lavereda.com.mx\/?p=7051"},"modified":"2025-08-14T15:26:16","modified_gmt":"2025-08-14T15:26:16","slug":"museo-arocena-se-une-a-promover-el-cine-mexicano","status":"publish","type":"post","link":"https:\/\/lavereda.com.mx\/index.php\/2025\/08\/14\/museo-arocena-se-une-a-promover-el-cine-mexicano\/","title":{"rendered":"Museo Arocena se une a promover el cine mexicano"},"content":{"rendered":"\n<p>El 15 de agosto se conmemora el D\u00eda Nacional del&nbsp;Cine Mexicano. Este d\u00eda que busca rendir homenaje a las mujeres y los hombres que contaron historias para millones de espectadores mexicanos.<\/p>\n\n\n\n<p>Adem\u00e1s de reconocer el aporte cultural e ideol\u00f3gico de la producci\u00f3n cinematogr\u00e1fica nacional, as\u00ed como promover est\u00edmulos para la industria. M\u00e9xico se encuentra dentro de los 20 pa\u00edses con mayor producci\u00f3n cinematogr\u00e1fica en todo el mundo.<\/p>\n\n\n\n<p>Uno de los lugares en la Comarca Lagunera que m\u00e1s promueven el cine mexicano es el Museo Arocena, a trav\u00e9s de su ciclo de cine mensual. El coordinador Carlos S\u00e1enz, coment\u00f3 que actualmente se encuentran dos ciclos con pel\u00edculas nacionales en exhibici\u00f3n:<\/p>\n\n\n\n<p>El ciclo Heridas Abiertas: memoria y resistencia, dentro de las actividades de aniversario del medio de comunicaci\u00f3n independiente Heridas Abiertas. Las pel\u00edculas de este ciclo representan la memoria y lucha de activistas y periodistas ante la represi\u00f3n. Las funciones se presentan los jueves de agosto a las 18:00 horas.<\/p>\n\n\n\n<p>Tambi\u00e9n se exhibe el ciclo Rumbo al Ariel 2025 con un recorrido por las pel\u00edculas nominadas a este premio en sus distintas categor\u00edas. Las funciones son todos los s\u00e1bados de agosto a las 18:00 horas.<\/p>\n\n\n\n<figure class=\"wp-block-image size-large is-resized\"><img fetchpriority=\"high\" decoding=\"async\" width=\"1024\" height=\"771\" src=\"https:\/\/lavereda.com.mx\/wp-content\/uploads\/2025\/08\/ff22c50d-f453-412b-b90a-19ef13704f77-1024x771.jpg\" alt=\"\" class=\"wp-image-7054\" style=\"width:453px;height:auto\" srcset=\"https:\/\/lavereda.com.mx\/wp-content\/uploads\/2025\/08\/ff22c50d-f453-412b-b90a-19ef13704f77-1024x771.jpg 1024w, https:\/\/lavereda.com.mx\/wp-content\/uploads\/2025\/08\/ff22c50d-f453-412b-b90a-19ef13704f77-300x226.jpg 300w, https:\/\/lavereda.com.mx\/wp-content\/uploads\/2025\/08\/ff22c50d-f453-412b-b90a-19ef13704f77-768x578.jpg 768w, https:\/\/lavereda.com.mx\/wp-content\/uploads\/2025\/08\/ff22c50d-f453-412b-b90a-19ef13704f77.jpg 1200w\" sizes=\"(max-width: 1024px) 100vw, 1024px\" \/><\/figure>\n\n\n\n<p><\/p>\n\n\n\n<p>El coordinador de los ciclos de cine coment\u00f3 que en los \u00faltimos cuatro a\u00f1os se ha dado un giro a la cartelera habitual y procuran que la programaci\u00f3n anual sea m\u00e1s del 60 por ciento de producciones nacionales, esto gracias a la estrecha colaboraci\u00f3n con proyectos de exhibici\u00f3n, colaboraci\u00f3n con asociaciones e instituciones nacionales dedicadas a la promoci\u00f3n del cine mexicano.<\/p>\n\n\n\n<p>Se pueden consultar ambas carteleras en los siguientes los links:<\/p>\n\n\n\n<figure class=\"wp-block-embed is-type-wp-embed is-provider-museo-arocena wp-block-embed-museo-arocena\"><div class=\"wp-block-embed__wrapper\">\n<blockquote class=\"wp-embedded-content\" data-secret=\"Db7U5YSElV\"><a href=\"https:\/\/museoarocena.com\/heridas_abiertas_25\/\">Ciclo especialHeridas Abiertas: Memoria y resistencia<\/a><\/blockquote><iframe class=\"wp-embedded-content\" sandbox=\"allow-scripts\" security=\"restricted\" style=\"position: absolute; visibility: hidden;\" title=\"\u00ab&lt;h6&gt;Ciclo especial&lt;\/h6&gt;&lt;h4&gt;Heridas Abiertas: Memoria y resistencia&lt;\/h4&gt;\u00bb \u2014 Museo Arocena\" src=\"https:\/\/museoarocena.com\/heridas_abiertas_25\/embed\/#?secret=DZ3JO3oHue#?secret=Db7U5YSElV\" data-secret=\"Db7U5YSElV\" width=\"600\" height=\"338\" frameborder=\"0\" marginwidth=\"0\" marginheight=\"0\" scrolling=\"no\"><\/iframe>\n<\/div><\/figure>\n\n\n\n<figure class=\"wp-block-embed is-type-wp-embed is-provider-museo-arocena wp-block-embed-museo-arocena\"><div class=\"wp-block-embed__wrapper\">\n<blockquote class=\"wp-embedded-content\" data-secret=\"GoOBEC110c\"><a href=\"https:\/\/museoarocena.com\/ariel25\/\">Cine agostoRumbo al Ariel 2025<\/a><\/blockquote><iframe class=\"wp-embedded-content\" sandbox=\"allow-scripts\" security=\"restricted\" style=\"position: absolute; visibility: hidden;\" title=\"\u00ab&lt;h6&gt;Cine agosto&lt;\/h6&gt;&lt;h4&gt;Rumbo al Ariel 2025&lt;\/h4&gt;\u00bb \u2014 Museo Arocena\" src=\"https:\/\/museoarocena.com\/ariel25\/embed\/#?secret=ZtMRKGAkOD#?secret=GoOBEC110c\" data-secret=\"GoOBEC110c\" width=\"600\" height=\"338\" frameborder=\"0\" marginwidth=\"0\" marginheight=\"0\" scrolling=\"no\"><\/iframe>\n<\/div><\/figure>\n","protected":false},"excerpt":{"rendered":"<p>El 15 de agosto se conmemora el D\u00eda Nacional del&nbsp;Cine Mexicano. Este d\u00eda que busca rendir homenaje a las mujeres y los hombres que contaron historias para millones de espectadores &hellip; <a href=\"https:\/\/lavereda.com.mx\/index.php\/2025\/08\/14\/museo-arocena-se-une-a-promover-el-cine-mexicano\/\" class=\"more-link\">Leer m\u00e1s<\/a><\/p>\n","protected":false},"author":9,"featured_media":7052,"comment_status":"open","ping_status":"open","sticky":false,"template":"","format":"standard","meta":{"footnotes":""},"categories":[6],"tags":[40,252,132],"class_list":["post-7051","post","type-post","status-publish","format-standard","has-post-thumbnail","hentry","category-cinetv","tag-cine","tag-dia-nacional-del-cine","tag-museo-arocena","entry"],"_links":{"self":[{"href":"https:\/\/lavereda.com.mx\/index.php\/wp-json\/wp\/v2\/posts\/7051","targetHints":{"allow":["GET"]}}],"collection":[{"href":"https:\/\/lavereda.com.mx\/index.php\/wp-json\/wp\/v2\/posts"}],"about":[{"href":"https:\/\/lavereda.com.mx\/index.php\/wp-json\/wp\/v2\/types\/post"}],"author":[{"embeddable":true,"href":"https:\/\/lavereda.com.mx\/index.php\/wp-json\/wp\/v2\/users\/9"}],"replies":[{"embeddable":true,"href":"https:\/\/lavereda.com.mx\/index.php\/wp-json\/wp\/v2\/comments?post=7051"}],"version-history":[{"count":2,"href":"https:\/\/lavereda.com.mx\/index.php\/wp-json\/wp\/v2\/posts\/7051\/revisions"}],"predecessor-version":[{"id":7056,"href":"https:\/\/lavereda.com.mx\/index.php\/wp-json\/wp\/v2\/posts\/7051\/revisions\/7056"}],"wp:featuredmedia":[{"embeddable":true,"href":"https:\/\/lavereda.com.mx\/index.php\/wp-json\/wp\/v2\/media\/7052"}],"wp:attachment":[{"href":"https:\/\/lavereda.com.mx\/index.php\/wp-json\/wp\/v2\/media?parent=7051"}],"wp:term":[{"taxonomy":"category","embeddable":true,"href":"https:\/\/lavereda.com.mx\/index.php\/wp-json\/wp\/v2\/categories?post=7051"},{"taxonomy":"post_tag","embeddable":true,"href":"https:\/\/lavereda.com.mx\/index.php\/wp-json\/wp\/v2\/tags?post=7051"}],"curies":[{"name":"wp","href":"https:\/\/api.w.org\/{rel}","templated":true}]}}