{"id":705,"date":"2020-10-05T14:31:24","date_gmt":"2020-10-05T14:31:24","guid":{"rendered":"http:\/\/lavereda.com.mx\/?p=705"},"modified":"2020-10-05T14:31:26","modified_gmt":"2020-10-05T14:31:26","slug":"los-riesgos-del-ocio-2","status":"publish","type":"post","link":"https:\/\/lavereda.com.mx\/index.php\/2020\/10\/05\/los-riesgos-del-ocio-2\/","title":{"rendered":"Los riesgos del ocio"},"content":{"rendered":"\n<p>Ven\u00eda de mi trabajo a la una y media de la ma\u00f1ana (s\u00ed, leyeron bien, de mi trabajo) y me toc\u00f3 detenerme en el ret\u00e9n que se encuentra a la entrada de G\u00f3mez Palacio viniendo de Torre\u00f3n. Esos retenes que todos sabemos in\u00fatiles, pero siguen ah\u00ed, tal vez para demostrarnos un poder, para de alguna manera decirnos que evitemos quejarnos porque algo m\u00e1s all\u00e1 de nosotros tiene el control y no podemos cambiar eso.&nbsp;<\/p>\n\n\n\n<p>Entonces, ya cansada, con ganas de haber estado en mi cama desde las nueve de la noche, me detengo a esperar que los soldados y polic\u00edas dejen de atosigar al del carro de adelante. Comienzo a pensar en lo extra\u00f1o de ser tres autom\u00f3viles en la fila, sobre todo por la hora y el d\u00eda de la semana, jueves;&nbsp;&nbsp;y, deseo que no se tarden tanto en preguntar lo que fuera que estuvieran averiguando haciendo ostentaci\u00f3n de rifles, con sus cubre bocas bien puestos, ahora s\u00ed, para tapar completamente sus rostros.<\/p>\n\n\n\n<p>Finalmente dejaron ir al primer auto y a los dos que segu\u00edamos en la fila ni nos voltearon a ver.&nbsp;&nbsp;Segu\u00ed mi camino con el pensamiento que siempre tengo cuando paso por esos lugares \u201cafortunadamente ya no tengo la edad ni el aspecto para ser detenida\u201d, mi alivio dio paso enseguida a una tristeza tremenda pensando en la misma frase. No tengo la edad como tantos otros j\u00f3venes detenidos ya sea con raz\u00f3n o arbitrariamente y secuestrados (eso siempre injusto e ilegal)&nbsp;&nbsp;por tener el aspecto para ser desaparecidos.&nbsp;<\/p>\n\n\n\n<blockquote class=\"wp-block-quote is-layout-flow wp-block-quote-is-layout-flow\"><p>Y comenc\u00e9 a creer que de alguna manera, el hecho de ser tantos autos a una hora improbable de la madrugada, hab\u00eda salvado al primer carro. \u00bfDe qu\u00e9? Esa respuesta no he querido hac\u00e9rmela porque hay temas que todav\u00eda nos duelen a muchos que tenemos sobrevivientes de la guerra que se comenz\u00f3 a vivir desde hace doce a\u00f1os en nuestra Comarca.<\/p><\/blockquote>\n\n\n\n<p>No es la primera vez que me toca salir tarde del trabajo, ni ser\u00e1 la \u00faltima a como veo las cosas. Tampoco es nueva la sensaci\u00f3n que tengo de ser intocable gracias a mi edad, aspecto y vejez de mi autom\u00f3vil. Pero s\u00ed es reciente el darme cuenta de ese tonto privilegio, de esa falsa seguridad y del peligro que vive el resto de la poblaci\u00f3n ante algo que se disfraza de bienestar para los que cruzamos\u00a0\u00a0la frontera entre dos estados que hace mucho tiempo perdieron su libertad.<\/p>\n\n\n\n<p><em>Teresa Mu\u00f1oz es escritora, actriz y promotora cultural. <\/em><\/p>\n","protected":false},"excerpt":{"rendered":"<p>Ven\u00eda de mi trabajo a la una y media de la ma\u00f1ana (s\u00ed, leyeron bien, de mi trabajo) y me toc\u00f3 detenerme en el ret\u00e9n que se encuentra a la &hellip; <a href=\"https:\/\/lavereda.com.mx\/index.php\/2020\/10\/05\/los-riesgos-del-ocio-2\/\" class=\"more-link\">Leer m\u00e1s<\/a><\/p>\n","protected":false},"author":11,"featured_media":706,"comment_status":"open","ping_status":"open","sticky":false,"template":"","format":"standard","meta":{"footnotes":""},"categories":[18,9],"tags":[],"class_list":["post-705","post","type-post","status-publish","format-standard","has-post-thumbnail","hentry","category-lomasrelevante","category-opinion","entry"],"_links":{"self":[{"href":"https:\/\/lavereda.com.mx\/index.php\/wp-json\/wp\/v2\/posts\/705","targetHints":{"allow":["GET"]}}],"collection":[{"href":"https:\/\/lavereda.com.mx\/index.php\/wp-json\/wp\/v2\/posts"}],"about":[{"href":"https:\/\/lavereda.com.mx\/index.php\/wp-json\/wp\/v2\/types\/post"}],"author":[{"embeddable":true,"href":"https:\/\/lavereda.com.mx\/index.php\/wp-json\/wp\/v2\/users\/11"}],"replies":[{"embeddable":true,"href":"https:\/\/lavereda.com.mx\/index.php\/wp-json\/wp\/v2\/comments?post=705"}],"version-history":[{"count":1,"href":"https:\/\/lavereda.com.mx\/index.php\/wp-json\/wp\/v2\/posts\/705\/revisions"}],"predecessor-version":[{"id":707,"href":"https:\/\/lavereda.com.mx\/index.php\/wp-json\/wp\/v2\/posts\/705\/revisions\/707"}],"wp:featuredmedia":[{"embeddable":true,"href":"https:\/\/lavereda.com.mx\/index.php\/wp-json\/wp\/v2\/media\/706"}],"wp:attachment":[{"href":"https:\/\/lavereda.com.mx\/index.php\/wp-json\/wp\/v2\/media?parent=705"}],"wp:term":[{"taxonomy":"category","embeddable":true,"href":"https:\/\/lavereda.com.mx\/index.php\/wp-json\/wp\/v2\/categories?post=705"},{"taxonomy":"post_tag","embeddable":true,"href":"https:\/\/lavereda.com.mx\/index.php\/wp-json\/wp\/v2\/tags?post=705"}],"curies":[{"name":"wp","href":"https:\/\/api.w.org\/{rel}","templated":true}]}}