{"id":7046,"date":"2025-08-08T01:50:11","date_gmt":"2025-08-08T01:50:11","guid":{"rendered":"https:\/\/lavereda.com.mx\/?p=7046"},"modified":"2025-08-08T01:50:12","modified_gmt":"2025-08-08T01:50:12","slug":"presentan-en-torreon-la-musica-de-florentina-de-arturo-meza","status":"publish","type":"post","link":"https:\/\/lavereda.com.mx\/index.php\/2025\/08\/08\/presentan-en-torreon-la-musica-de-florentina-de-arturo-meza\/","title":{"rendered":"Presentan en Torre\u00f3n \u00abLa m\u00fasica de Florentina\u00bb de Arturo Meza"},"content":{"rendered":"\n<p>Este viernes 8 de agosto se realizar\u00e1 la presentaci\u00f3n del libro \u00abLa m\u00fasica de Florentina\u00bb de Arturo Meza, reconocido compositor, multi instrumentista, cantante, poeta y escritor mexicano independiente.<br>La cita es a las 19:30 horas en Casa La Morelos (Av. Morelos 1340 Pte.) con entrada libre. Los comentarios estar\u00e1n a cargo de Edgar Morales Saucedo, Jorge Mart\u00ednez y el autor.<\/p>\n\n\n\n<p><br>Posteriormente, se tendr\u00e1 la oportunidad de escuchar a <em>Los J\u00e1quez<\/em>, d\u00fao integrado por el acordeonista y bandoneonista Ra\u00fal J\u00e1quez, y el bajista y guitarrista Silvestre J\u00e1quez, quienes interpretar\u00e1n temas de Charly Garc\u00eda, Luis Alberto Spinetta, Gustavo Cerati, Fito P\u00e1ez, Los Abuelos de la Nada, entre otros exponentes del rock argentino.<\/p>\n\n\n\n<p><br>La m\u00fasica de Florentina (2024) es una novela ambientada en la Buenos Aires de los a\u00f1os treinta, es decir, en plena D\u00e9cada Infame (1930-1943), posteriormente se desarrolla en el per\u00edodo de surgimiento, ascenso y ca\u00edda del peronismo (1943-1955), y concluye en los albores de la Revoluci\u00f3n Libertadora, una de las seis dictaduras que atravesaron a la Argentina en el siglo XX.<br><\/p>\n\n\n\n<p>Una trama en donde la m\u00fasica tiene un papel protag\u00f3nico como catalizador de las emociones, los miedos, las aspiraciones, los sue\u00f1os, las perversiones, el erotismo, el amor y la libertad. Florentina, hija de un gitano y una italiana que viajan desde G\u00e9nova a Quilmes, es la \u00faltima reencarnaci\u00f3n de un mundo antiguo, luminoso y vibrante que parece extinguirse o bien, auto destruirse. Es el claroscuro donde nacen los monstruos del que hablaba Gramsci.<\/p>\n\n\n\n<p>En ese sentido, Florentina es una suerte de Doctor Fausto seducida por un Mefist\u00f3feles en forma de cuadril\u00e1tero con fuelle: el bandone\u00f3n, instrumento creado en Alemania para servicios religiosos y que en el R\u00edo de la Plata es el tel\u00f3n de fondo de inmigrantes, prost\u00edbulos, conventillos, compadritos y poetas. <\/p>\n\n\n\n<p>Porque el acorde\u00f3n y los \u00f3rganos son de los \u00e1ngeles y el bandone\u00f3n es del diablo, es una bestia triste que no te pide que la domes, sino que seas ella. La m\u00fasica de Florentina es tambi\u00e9n un relato de redenci\u00f3n familiar, de identidad, de migraciones, de v\u00ednculos rotos, de lazos fuertes y de s\u00edmbolos que hunden sus ra\u00edces en lo m\u00e1s profundo de la humanidad, el conocimiento y la espiritualidad. Una historia en donde abundan las referencias culturales y se cruzan desde Paquita Bernardo, Augusto Berto, Borges, Dante Alighieri, Per\u00f3n, Bach y Ginastera, pasando por Beethoven, Evita, Nikola Tesla, Krishnamurti, Stravinski, Goebbels y Blavatsky, hasta Piazzolla, Troilo, Gurdjieff, Mussolini, la teosof\u00eda, sociedades secretas y los c\u00e1taros.<\/p>\n","protected":false},"excerpt":{"rendered":"<p>Este viernes 8 de agosto se realizar\u00e1 la presentaci\u00f3n del libro \u00abLa m\u00fasica de Florentina\u00bb de Arturo Meza, reconocido compositor, multi instrumentista, cantante, poeta y escritor mexicano independiente.La cita es &hellip; <a href=\"https:\/\/lavereda.com.mx\/index.php\/2025\/08\/08\/presentan-en-torreon-la-musica-de-florentina-de-arturo-meza\/\" class=\"more-link\">Leer m\u00e1s<\/a><\/p>\n","protected":false},"author":9,"featured_media":7043,"comment_status":"open","ping_status":"open","sticky":false,"template":"","format":"standard","meta":{"footnotes":""},"categories":[5],"tags":[],"class_list":["post-7046","post","type-post","status-publish","format-standard","has-post-thumbnail","hentry","category-letras-y-libros","entry"],"_links":{"self":[{"href":"https:\/\/lavereda.com.mx\/index.php\/wp-json\/wp\/v2\/posts\/7046","targetHints":{"allow":["GET"]}}],"collection":[{"href":"https:\/\/lavereda.com.mx\/index.php\/wp-json\/wp\/v2\/posts"}],"about":[{"href":"https:\/\/lavereda.com.mx\/index.php\/wp-json\/wp\/v2\/types\/post"}],"author":[{"embeddable":true,"href":"https:\/\/lavereda.com.mx\/index.php\/wp-json\/wp\/v2\/users\/9"}],"replies":[{"embeddable":true,"href":"https:\/\/lavereda.com.mx\/index.php\/wp-json\/wp\/v2\/comments?post=7046"}],"version-history":[{"count":1,"href":"https:\/\/lavereda.com.mx\/index.php\/wp-json\/wp\/v2\/posts\/7046\/revisions"}],"predecessor-version":[{"id":7047,"href":"https:\/\/lavereda.com.mx\/index.php\/wp-json\/wp\/v2\/posts\/7046\/revisions\/7047"}],"wp:featuredmedia":[{"embeddable":true,"href":"https:\/\/lavereda.com.mx\/index.php\/wp-json\/wp\/v2\/media\/7043"}],"wp:attachment":[{"href":"https:\/\/lavereda.com.mx\/index.php\/wp-json\/wp\/v2\/media?parent=7046"}],"wp:term":[{"taxonomy":"category","embeddable":true,"href":"https:\/\/lavereda.com.mx\/index.php\/wp-json\/wp\/v2\/categories?post=7046"},{"taxonomy":"post_tag","embeddable":true,"href":"https:\/\/lavereda.com.mx\/index.php\/wp-json\/wp\/v2\/tags?post=7046"}],"curies":[{"name":"wp","href":"https:\/\/api.w.org\/{rel}","templated":true}]}}