{"id":7035,"date":"2025-08-04T02:07:56","date_gmt":"2025-08-04T02:07:56","guid":{"rendered":"https:\/\/lavereda.com.mx\/?p=7035"},"modified":"2025-08-04T02:07:56","modified_gmt":"2025-08-04T02:07:56","slug":"south-park-2025","status":"publish","type":"post","link":"https:\/\/lavereda.com.mx\/index.php\/2025\/08\/04\/south-park-2025\/","title":{"rendered":"South Park (2025)"},"content":{"rendered":"\n<p>South Park, S27, E01 (2025)<\/p>\n\n\n\n<p>Paramount+<\/p>\n\n\n\n<p>El cap\u00edtulo con el que abre esta temporada es provocador en extremo.<\/p>\n\n\n\n<p>No se recuerda en televisi\u00f3n una referencia tan ridiculizante hacia el Presidente de los Estados Unidos como la serie lo hace ahora con Donald J. Trump, a quien acusan de intolerante y contrario a los valores del pa\u00eds.<\/p>\n\n\n\n<p>Con im\u00e1genes perturbadoras lo muestran en la cama con el Diablo, desnudo, con una representaci\u00f3n de su masculinidad para hacerla risible y un desenlace sorprendente, por transgresor.<\/p>\n\n\n\n<p>No se puede decir mucho sin revelar las grandes sorpresas que entra\u00f1a este episodio de la serie que de por s\u00ed es provocadora y que, en esta ocasi\u00f3n se va al extremo.<\/p>\n\n\n\n<p>La Casa Blanca ya se pronunci\u00f3 para reprochar el programa, pero no ha emprendido, a\u00fan, acciones legales.<\/p>\n\n\n\n<p>Imperdible, pero con im\u00e1genes sexuales m\u00e1s que expl\u00edcitas.<\/p>\n\n\n\n<p>(NC-17. No apto para menores de 18)<\/p>\n\n\n\n<p>@LucianoCamposG<\/p>\n\n\n\n<figure class=\"wp-block-embed is-type-video is-provider-youtube wp-block-embed-youtube wp-embed-aspect-16-9 wp-has-aspect-ratio\"><div class=\"wp-block-embed__wrapper\">\n<iframe title=\"Season 27 Premiere Teaser - South Park\" width=\"1170\" height=\"658\" src=\"https:\/\/www.youtube.com\/embed\/v4G18-bY_8o?feature=oembed\" frameborder=\"0\" allow=\"accelerometer; autoplay; clipboard-write; encrypted-media; gyroscope; picture-in-picture; web-share\" referrerpolicy=\"strict-origin-when-cross-origin\" allowfullscreen><\/iframe>\n<\/div><\/figure>\n","protected":false},"excerpt":{"rendered":"<p>South Park, S27, E01 (2025) Paramount+ El cap\u00edtulo con el que abre esta temporada es provocador en extremo. No se recuerda en televisi\u00f3n una referencia tan ridiculizante hacia el Presidente &hellip; <a href=\"https:\/\/lavereda.com.mx\/index.php\/2025\/08\/04\/south-park-2025\/\" class=\"more-link\">Leer m\u00e1s<\/a><\/p>\n","protected":false},"author":3,"featured_media":7036,"comment_status":"open","ping_status":"open","sticky":false,"template":"","format":"standard","meta":{"footnotes":""},"categories":[6],"tags":[],"class_list":["post-7035","post","type-post","status-publish","format-standard","has-post-thumbnail","hentry","category-cinetv","entry"],"_links":{"self":[{"href":"https:\/\/lavereda.com.mx\/index.php\/wp-json\/wp\/v2\/posts\/7035","targetHints":{"allow":["GET"]}}],"collection":[{"href":"https:\/\/lavereda.com.mx\/index.php\/wp-json\/wp\/v2\/posts"}],"about":[{"href":"https:\/\/lavereda.com.mx\/index.php\/wp-json\/wp\/v2\/types\/post"}],"author":[{"embeddable":true,"href":"https:\/\/lavereda.com.mx\/index.php\/wp-json\/wp\/v2\/users\/3"}],"replies":[{"embeddable":true,"href":"https:\/\/lavereda.com.mx\/index.php\/wp-json\/wp\/v2\/comments?post=7035"}],"version-history":[{"count":1,"href":"https:\/\/lavereda.com.mx\/index.php\/wp-json\/wp\/v2\/posts\/7035\/revisions"}],"predecessor-version":[{"id":7037,"href":"https:\/\/lavereda.com.mx\/index.php\/wp-json\/wp\/v2\/posts\/7035\/revisions\/7037"}],"wp:featuredmedia":[{"embeddable":true,"href":"https:\/\/lavereda.com.mx\/index.php\/wp-json\/wp\/v2\/media\/7036"}],"wp:attachment":[{"href":"https:\/\/lavereda.com.mx\/index.php\/wp-json\/wp\/v2\/media?parent=7035"}],"wp:term":[{"taxonomy":"category","embeddable":true,"href":"https:\/\/lavereda.com.mx\/index.php\/wp-json\/wp\/v2\/categories?post=7035"},{"taxonomy":"post_tag","embeddable":true,"href":"https:\/\/lavereda.com.mx\/index.php\/wp-json\/wp\/v2\/tags?post=7035"}],"curies":[{"name":"wp","href":"https:\/\/api.w.org\/{rel}","templated":true}]}}