{"id":7028,"date":"2025-07-31T01:45:30","date_gmt":"2025-07-31T01:45:30","guid":{"rendered":"https:\/\/lavereda.com.mx\/?p=7028"},"modified":"2025-07-31T01:45:30","modified_gmt":"2025-07-31T01:45:30","slug":"el-espectaculo-clown-the-tramp-despertara-risas-y-nostalgia","status":"publish","type":"post","link":"https:\/\/lavereda.com.mx\/index.php\/2025\/07\/31\/el-espectaculo-clown-the-tramp-despertara-risas-y-nostalgia\/","title":{"rendered":"El espect\u00e1culo clown \u201cThe Tramp\u201d despertar\u00e1 risas y nostalgia"},"content":{"rendered":"\n<p>El 6 de agosto llegar\u00e1 al escenario del Teatro Alfonso Garibay \u201cThe Tramp\u201d, un espect\u00e1culo de clown contempor\u00e1neo que invita al p\u00fablico a reconectar con su parte m\u00e1s humana a trav\u00e9s del humor, la ternura y el asombro.<\/p>\n\n\n\n<p>Creado e interpretado por el clown Jos\u00e9 Sergio Silveti, The Tramp narra las aventuras de un payaso vagabundo que, con una cobija como \u00fanico objeto, transforma el mundo que lo rodea: crea vestidos, cuentos de terror, vampiros y hasta ovejas parlantes. Todo con un lenguaje universal: la risa. El escenario se llenar\u00e1 de magia y nostalgia.<\/p>\n\n\n\n<p>\u201cM\u00e1s que una obra, The Tramp es una experiencia esc\u00e9nica. Una carta de amor al teatro y una reflexi\u00f3n sobre la soledad, el juego, la imaginaci\u00f3n y la b\u00fasqueda de la felicidad\u201d, coment\u00f3 Jos\u00e9 Silveti.<\/p>\n\n\n\n<figure class=\"wp-block-image size-large is-resized\"><img fetchpriority=\"high\" decoding=\"async\" width=\"1024\" height=\"684\" src=\"https:\/\/lavereda.com.mx\/wp-content\/uploads\/2025\/07\/WhatsApp-Image-2025-07-28-at-1.35.17-PM-1-1024x684.jpeg\" alt=\"\" class=\"wp-image-7029\" style=\"width:477px;height:auto\" srcset=\"https:\/\/lavereda.com.mx\/wp-content\/uploads\/2025\/07\/WhatsApp-Image-2025-07-28-at-1.35.17-PM-1-1024x684.jpeg 1024w, https:\/\/lavereda.com.mx\/wp-content\/uploads\/2025\/07\/WhatsApp-Image-2025-07-28-at-1.35.17-PM-1-300x200.jpeg 300w, https:\/\/lavereda.com.mx\/wp-content\/uploads\/2025\/07\/WhatsApp-Image-2025-07-28-at-1.35.17-PM-1-768x513.jpeg 768w, https:\/\/lavereda.com.mx\/wp-content\/uploads\/2025\/07\/WhatsApp-Image-2025-07-28-at-1.35.17-PM-1.jpeg 1200w\" sizes=\"(max-width: 1024px) 100vw, 1024px\" \/><\/figure>\n\n\n\n<blockquote class=\"wp-block-quote is-layout-flow wp-block-quote-is-layout-flow\">\n<p><\/p>\n\n\n\n<p>El actor de la compa\u00f1\u00eda Cachivaches expres\u00f3 que \u201cThe Tramp representa lo que he sentido como artista: esa mezcla de vac\u00edo y esperanza, de estar solo en un mundo ruidoso, pero aun as\u00ed salir a escena con el coraz\u00f3n por delante\u201d.<\/p>\n<\/blockquote>\n\n\n\n<p>Con una propuesta visual cuidada, rutinas cl\u00e1sicas de circo reinventadas y una emotiva conexi\u00f3n con el p\u00fablico, este espect\u00e1culo promete dejar una marca en quienes lo vivan.<\/p>\n\n\n\n<p>La funci\u00f3n \u00fanica ser\u00e1 a las 20:00 horas.<\/p>\n","protected":false},"excerpt":{"rendered":"<p>El 6 de agosto llegar\u00e1 al escenario del Teatro Alfonso Garibay \u201cThe Tramp\u201d, un espect\u00e1culo de clown contempor\u00e1neo que invita al p\u00fablico a reconectar con su parte m\u00e1s humana a &hellip; <a href=\"https:\/\/lavereda.com.mx\/index.php\/2025\/07\/31\/el-espectaculo-clown-the-tramp-despertara-risas-y-nostalgia\/\" class=\"more-link\">Leer m\u00e1s<\/a><\/p>\n","protected":false},"author":9,"featured_media":7030,"comment_status":"open","ping_status":"open","sticky":false,"template":"","format":"standard","meta":{"footnotes":""},"categories":[2],"tags":[246,36,231],"class_list":["post-7028","post","type-post","status-publish","format-standard","has-post-thumbnail","hentry","category-artes-escenicas","tag-clown","tag-teatro","tag-teatro-garibay","entry"],"_links":{"self":[{"href":"https:\/\/lavereda.com.mx\/index.php\/wp-json\/wp\/v2\/posts\/7028","targetHints":{"allow":["GET"]}}],"collection":[{"href":"https:\/\/lavereda.com.mx\/index.php\/wp-json\/wp\/v2\/posts"}],"about":[{"href":"https:\/\/lavereda.com.mx\/index.php\/wp-json\/wp\/v2\/types\/post"}],"author":[{"embeddable":true,"href":"https:\/\/lavereda.com.mx\/index.php\/wp-json\/wp\/v2\/users\/9"}],"replies":[{"embeddable":true,"href":"https:\/\/lavereda.com.mx\/index.php\/wp-json\/wp\/v2\/comments?post=7028"}],"version-history":[{"count":1,"href":"https:\/\/lavereda.com.mx\/index.php\/wp-json\/wp\/v2\/posts\/7028\/revisions"}],"predecessor-version":[{"id":7031,"href":"https:\/\/lavereda.com.mx\/index.php\/wp-json\/wp\/v2\/posts\/7028\/revisions\/7031"}],"wp:featuredmedia":[{"embeddable":true,"href":"https:\/\/lavereda.com.mx\/index.php\/wp-json\/wp\/v2\/media\/7030"}],"wp:attachment":[{"href":"https:\/\/lavereda.com.mx\/index.php\/wp-json\/wp\/v2\/media?parent=7028"}],"wp:term":[{"taxonomy":"category","embeddable":true,"href":"https:\/\/lavereda.com.mx\/index.php\/wp-json\/wp\/v2\/categories?post=7028"},{"taxonomy":"post_tag","embeddable":true,"href":"https:\/\/lavereda.com.mx\/index.php\/wp-json\/wp\/v2\/tags?post=7028"}],"curies":[{"name":"wp","href":"https:\/\/api.w.org\/{rel}","templated":true}]}}