{"id":7021,"date":"2025-07-28T02:04:33","date_gmt":"2025-07-28T02:04:33","guid":{"rendered":"https:\/\/lavereda.com.mx\/?p=7021"},"modified":"2025-07-28T02:04:33","modified_gmt":"2025-07-28T02:04:33","slug":"septiembre-5","status":"publish","type":"post","link":"https:\/\/lavereda.com.mx\/index.php\/2025\/07\/28\/septiembre-5\/","title":{"rendered":"Septiembre 5"},"content":{"rendered":"\n<p>September 5 (2024)<\/p>\n\n\n\n<p>Paramount+<\/p>\n\n\n\n<p>En las olimpiadas de Munich 72 un grupo terrorista asalt\u00f3 la Villa Ol\u00edmpica y tom\u00f3 como rehenes a atletas israel\u00edes.<\/p>\n\n\n\n<p>El evento fue captado por la televisi\u00f3n, en vivo y a nivel internacional.<\/p>\n\n\n\n<p>Pero, en las horas cr\u00edticas, los periodistas de la cadena estadounidense abc, encargados de la emisi\u00f3n, se enfrentaron con un dilema de vida o muerte: deber\u00edan seguir transmitiendo, lo que implicaba un riesgo para las v\u00edctimas, o deb\u00edan suspender su trabajo, lo que significaba renunciar al apostolado del periodismo, que es dar a conocer la verdad a cualquier costo.<\/p>\n\n\n\n<p>Ya se conoce el saldo tr\u00e1gico de ese episodio hist\u00f3rico.<\/p>\n\n\n\n<p>Lo que se muestra en esta vibrante narraci\u00f3n es c\u00f3mo se debati\u00f3 al interior del estudio de televisi\u00f3n la manera de abordar el evento, para presentarlo al mundo.<\/p>\n\n\n\n<p>La pel\u00edcula es como una clase de \u00e9tica period\u00edstica.<\/p>\n\n\n\n<p>(PG-13. Orientaci\u00f3n de los padres a menores de 13 a\u00f1os)<\/p>\n\n\n\n<p>@LucianoCamposG<\/p>\n\n\n\n<figure class=\"wp-block-embed is-type-video is-provider-youtube wp-block-embed-youtube wp-embed-aspect-16-9 wp-has-aspect-ratio\"><div class=\"wp-block-embed__wrapper\">\n<iframe title=\"SEPTIEMBRE 5 Tr\u00e1iler Oficial Espa\u00f1ol Latino (2024) Subtitulado\" width=\"1170\" height=\"658\" src=\"https:\/\/www.youtube.com\/embed\/W-bDdtR-jSY?feature=oembed\" frameborder=\"0\" allow=\"accelerometer; autoplay; clipboard-write; encrypted-media; gyroscope; picture-in-picture; web-share\" referrerpolicy=\"strict-origin-when-cross-origin\" allowfullscreen><\/iframe>\n<\/div><\/figure>\n","protected":false},"excerpt":{"rendered":"<p>September 5 (2024) Paramount+ En las olimpiadas de Munich 72 un grupo terrorista asalt\u00f3 la Villa Ol\u00edmpica y tom\u00f3 como rehenes a atletas israel\u00edes. El evento fue captado por la &hellip; <a href=\"https:\/\/lavereda.com.mx\/index.php\/2025\/07\/28\/septiembre-5\/\" class=\"more-link\">Leer m\u00e1s<\/a><\/p>\n","protected":false},"author":3,"featured_media":7022,"comment_status":"open","ping_status":"open","sticky":false,"template":"","format":"standard","meta":{"footnotes":""},"categories":[6],"tags":[],"class_list":["post-7021","post","type-post","status-publish","format-standard","has-post-thumbnail","hentry","category-cinetv","entry"],"_links":{"self":[{"href":"https:\/\/lavereda.com.mx\/index.php\/wp-json\/wp\/v2\/posts\/7021","targetHints":{"allow":["GET"]}}],"collection":[{"href":"https:\/\/lavereda.com.mx\/index.php\/wp-json\/wp\/v2\/posts"}],"about":[{"href":"https:\/\/lavereda.com.mx\/index.php\/wp-json\/wp\/v2\/types\/post"}],"author":[{"embeddable":true,"href":"https:\/\/lavereda.com.mx\/index.php\/wp-json\/wp\/v2\/users\/3"}],"replies":[{"embeddable":true,"href":"https:\/\/lavereda.com.mx\/index.php\/wp-json\/wp\/v2\/comments?post=7021"}],"version-history":[{"count":1,"href":"https:\/\/lavereda.com.mx\/index.php\/wp-json\/wp\/v2\/posts\/7021\/revisions"}],"predecessor-version":[{"id":7023,"href":"https:\/\/lavereda.com.mx\/index.php\/wp-json\/wp\/v2\/posts\/7021\/revisions\/7023"}],"wp:featuredmedia":[{"embeddable":true,"href":"https:\/\/lavereda.com.mx\/index.php\/wp-json\/wp\/v2\/media\/7022"}],"wp:attachment":[{"href":"https:\/\/lavereda.com.mx\/index.php\/wp-json\/wp\/v2\/media?parent=7021"}],"wp:term":[{"taxonomy":"category","embeddable":true,"href":"https:\/\/lavereda.com.mx\/index.php\/wp-json\/wp\/v2\/categories?post=7021"},{"taxonomy":"post_tag","embeddable":true,"href":"https:\/\/lavereda.com.mx\/index.php\/wp-json\/wp\/v2\/tags?post=7021"}],"curies":[{"name":"wp","href":"https:\/\/api.w.org\/{rel}","templated":true}]}}