{"id":7017,"date":"2025-07-25T20:57:49","date_gmt":"2025-07-25T20:57:49","guid":{"rendered":"https:\/\/lavereda.com.mx\/?p=7017"},"modified":"2025-07-25T20:57:50","modified_gmt":"2025-07-25T20:57:50","slug":"invitan-a-apoyar-a-talento-sin-limites","status":"publish","type":"post","link":"https:\/\/lavereda.com.mx\/index.php\/2025\/07\/25\/invitan-a-apoyar-a-talento-sin-limites\/","title":{"rendered":"Invitan a apoyar a \u00abTalento sin l\u00edmites\u00bb"},"content":{"rendered":"\n<p>Once j\u00f3venes con capacidades diferentes participar\u00e1n hoy viernes en \u00abTalento sin L\u00edmites: Cuando la inclusi\u00f3n se convierte en escenario\u00bb, un concurso de distintas disciplinas art\u00edsticas que se realizar\u00e1 en el Museo Regional de La Laguna a las 5:00 p.m.<\/p>\n\n\n\n<p>Este encuentro nace con el objetivo de demostrar que, cuando se les brindan oportunidades y espacios seguros, la luz de estos j\u00f3venes brilla con fuerza.<\/p>\n\n\n\n<p>Los organizadores comentaron que cada uno de ellos ha ensayado con entrega, alegr\u00eda y la ilusi\u00f3n de ser vistos y valorados por lo que pueden hacer, no por sus diagn\u00f3sticos\u00bb. \u00abTalento Sin L\u00edmites\u00bb no es solo una presentaci\u00f3n: es un acto de amor, lucha y esperanza.<\/p>\n\n\n\n<p>Este evento nace de Cynthia Barrera, madre e integrante del movimiento ExploraTEA, quien busca construir espacios reales de inclusi\u00f3n para su hija, quien forma parte del espectro autista. Su compromiso ha encendido esta chispa de cambio que hoy se convierte en una realidad.<\/p>\n\n\n\n<p>El jurado que los acompa\u00f1ar\u00e1 es el siguiente:<\/p>\n\n\n\n<p>Lic. Samir Pacheco, abogado comprometido con el apoyo a grupos vulnerables y ex director del DIF Estado de M\u00e9xico.<\/p>\n\n\n\n<p>Lic. Disley Rodr\u00edguez, licenciada en Arte Danzario, experta en ballet cl\u00e1sico y promotora del movimiento \u201cMujeres Afro en Escena\u201d en Latinoam\u00e9rica.<\/p>\n\n\n\n<p>Lic. Jos\u00e9 Luis Rivera, cineasta reconocido en La Laguna y M\u00e9xico, ganador del concurso de cortometraje por regiones de IMCINE 2020 con el documental \u201cLos Colores de mi Huella\u201d, obra galardonada en m\u00faltiples ocasiones, asi como multplies premios en su carrera.<\/p>\n\n\n\n<p>La gala se abrir\u00e1 con la presentaci\u00f3n de la coreograf\u00eda \u201cMeltdown\u201d, interpretada por Mar\u00eda Alicia S\u00e1nchez, alumna destacada del programa intensivo de la Academia Corpus Danza. Esta pieza, inspirada en el autismo, invita a sentir y reflexionar a trav\u00e9s del movimiento.<\/p>\n\n\n\n<p>\u00abEllos no solo merecen ser vistos, merecen ser celebrados. Porque cuando una sociedad abraza la diversidad, todos ganamos\u00bb, compartieron los organizadores.<\/p>\n","protected":false},"excerpt":{"rendered":"<p>Once j\u00f3venes con capacidades diferentes participar\u00e1n hoy viernes en \u00abTalento sin L\u00edmites: Cuando la inclusi\u00f3n se convierte en escenario\u00bb, un concurso de distintas disciplinas art\u00edsticas que se realizar\u00e1 en el &hellip; <a href=\"https:\/\/lavereda.com.mx\/index.php\/2025\/07\/25\/invitan-a-apoyar-a-talento-sin-limites\/\" class=\"more-link\">Leer m\u00e1s<\/a><\/p>\n","protected":false},"author":1,"featured_media":7018,"comment_status":"open","ping_status":"open","sticky":false,"template":"","format":"standard","meta":{"footnotes":""},"categories":[2],"tags":[],"class_list":["post-7017","post","type-post","status-publish","format-standard","has-post-thumbnail","hentry","category-artes-escenicas","entry"],"_links":{"self":[{"href":"https:\/\/lavereda.com.mx\/index.php\/wp-json\/wp\/v2\/posts\/7017","targetHints":{"allow":["GET"]}}],"collection":[{"href":"https:\/\/lavereda.com.mx\/index.php\/wp-json\/wp\/v2\/posts"}],"about":[{"href":"https:\/\/lavereda.com.mx\/index.php\/wp-json\/wp\/v2\/types\/post"}],"author":[{"embeddable":true,"href":"https:\/\/lavereda.com.mx\/index.php\/wp-json\/wp\/v2\/users\/1"}],"replies":[{"embeddable":true,"href":"https:\/\/lavereda.com.mx\/index.php\/wp-json\/wp\/v2\/comments?post=7017"}],"version-history":[{"count":2,"href":"https:\/\/lavereda.com.mx\/index.php\/wp-json\/wp\/v2\/posts\/7017\/revisions"}],"predecessor-version":[{"id":7020,"href":"https:\/\/lavereda.com.mx\/index.php\/wp-json\/wp\/v2\/posts\/7017\/revisions\/7020"}],"wp:featuredmedia":[{"embeddable":true,"href":"https:\/\/lavereda.com.mx\/index.php\/wp-json\/wp\/v2\/media\/7018"}],"wp:attachment":[{"href":"https:\/\/lavereda.com.mx\/index.php\/wp-json\/wp\/v2\/media?parent=7017"}],"wp:term":[{"taxonomy":"category","embeddable":true,"href":"https:\/\/lavereda.com.mx\/index.php\/wp-json\/wp\/v2\/categories?post=7017"},{"taxonomy":"post_tag","embeddable":true,"href":"https:\/\/lavereda.com.mx\/index.php\/wp-json\/wp\/v2\/tags?post=7017"}],"curies":[{"name":"wp","href":"https:\/\/api.w.org\/{rel}","templated":true}]}}