{"id":7004,"date":"2025-07-24T16:14:56","date_gmt":"2025-07-24T16:14:56","guid":{"rendered":"https:\/\/lavereda.com.mx\/?p=7004"},"modified":"2025-07-24T16:15:45","modified_gmt":"2025-07-24T16:15:45","slug":"el-centro-de-artes-del-norte-inicia-cuatro-diplomados-en-agosto","status":"publish","type":"post","link":"https:\/\/lavereda.com.mx\/index.php\/2025\/07\/24\/el-centro-de-artes-del-norte-inicia-cuatro-diplomados-en-agosto\/","title":{"rendered":"El Centro de Artes del Norte inicia cuatro diplomados en agosto"},"content":{"rendered":"\n<ul class=\"wp-block-list\">\n<li><em>Para este periodo la instituci\u00f3n ofrece becas a futuros estudiantes del 100% y 30%<\/em><\/li>\n<\/ul>\n\n\n\n<p>El Centro de Artes del Norte, ubicado en Casa la Morelos de Torre\u00f3n, anunci\u00f3 el inicio de sus clases el pr\u00f3ximo 18 de agosto. \u00abCon ello abrimos una nueva etapa de formaci\u00f3n art\u00edstica para todos aquellos interesados en desarrollar su talento y pensamiento cr\u00edtico a trav\u00e9s del arte\u00bb, compartieron sus coordinadores.<\/p>\n\n\n\n<p>El Centro de Artes del Norte es un espacio de formaci\u00f3n y profesionalizaci\u00f3n en artes visuales con el compromiso de formar artistas con sensibilidad cultural, calificados para producir, interpretar, observar, examinar, entender, analizar y manipular objetos art\u00edsticos visuales con<br>una amplia concepci\u00f3n hist\u00f3rica y social.<\/p>\n\n\n\n<p>Compartieron que el objetivo es proporcionar diplomados, cursos, talleres, seminarios y pl\u00e1ticas que<br>cumplan con las necesidades contextuales para generar conocimiento y reflexi\u00f3n en torno al<br>arte. <\/p>\n\n\n\n<figure class=\"wp-block-image size-large is-resized\"><img fetchpriority=\"high\" decoding=\"async\" width=\"768\" height=\"1024\" src=\"https:\/\/lavereda.com.mx\/wp-content\/uploads\/2025\/07\/PHOTO-2025-07-24-10-09-23-768x1024.jpg\" alt=\"\" class=\"wp-image-7007\" style=\"width:341px;height:auto\" srcset=\"https:\/\/lavereda.com.mx\/wp-content\/uploads\/2025\/07\/PHOTO-2025-07-24-10-09-23-768x1024.jpg 768w, https:\/\/lavereda.com.mx\/wp-content\/uploads\/2025\/07\/PHOTO-2025-07-24-10-09-23-225x300.jpg 225w, https:\/\/lavereda.com.mx\/wp-content\/uploads\/2025\/07\/PHOTO-2025-07-24-10-09-23-1152x1536.jpg 1152w, https:\/\/lavereda.com.mx\/wp-content\/uploads\/2025\/07\/PHOTO-2025-07-24-10-09-23.jpg 1200w\" sizes=\"(max-width: 768px) 100vw, 768px\" \/><\/figure>\n\n\n\n<p><\/p>\n\n\n\n<p>Adem\u00e1s anunciaron becas para sus futuros estudiantes: \u00absabemos que muchas veces el acceso a una educaci\u00f3n art\u00edstica de calidad puede ser limitado, por eso como cada a\u00f1o, este a\u00f1o hemos abierto una convocatoria de becas para apoyar a quienes desean formarse con nosotros. Estamos ofreciendo una beca del 100% en colegiaturas y otra de 30% dirigidas a todas aquellas personas que deseen estudiar cualquiera de nuestros diplomados\u00bb.<\/p>\n\n\n\n<p>Son cuatro diplomados dise\u00f1ados por un equipo de profesionales del arte, destacados artistas y gestores laguneros: Diplomado en Artes Visuales, Diplomado en Iniciaci\u00f3n a las Artes, Diplomado en Exploraci\u00f3n de Medios, Diplomado de Fotograf\u00eda y Arte Digital.<\/p>\n\n\n\n<p>M\u00e1s informaci\u00f3n en:<br>Instagram: @centro.de.artes.del.norte<br>Facebook: facebook.com\/centrodeartesdelnorte<br><\/p>\n","protected":false},"excerpt":{"rendered":"<p>El Centro de Artes del Norte, ubicado en Casa la Morelos de Torre\u00f3n, anunci\u00f3 el inicio de sus clases el pr\u00f3ximo 18 de agosto. \u00abCon ello abrimos una nueva etapa &hellip; <a href=\"https:\/\/lavereda.com.mx\/index.php\/2025\/07\/24\/el-centro-de-artes-del-norte-inicia-cuatro-diplomados-en-agosto\/\" class=\"more-link\">Leer m\u00e1s<\/a><\/p>\n","protected":false},"author":9,"featured_media":7008,"comment_status":"open","ping_status":"open","sticky":false,"template":"","format":"standard","meta":{"footnotes":""},"categories":[3],"tags":[62,33],"class_list":["post-7004","post","type-post","status-publish","format-standard","has-post-thumbnail","hentry","category-artes-visuales","tag-arte","tag-torreon-2","entry"],"_links":{"self":[{"href":"https:\/\/lavereda.com.mx\/index.php\/wp-json\/wp\/v2\/posts\/7004","targetHints":{"allow":["GET"]}}],"collection":[{"href":"https:\/\/lavereda.com.mx\/index.php\/wp-json\/wp\/v2\/posts"}],"about":[{"href":"https:\/\/lavereda.com.mx\/index.php\/wp-json\/wp\/v2\/types\/post"}],"author":[{"embeddable":true,"href":"https:\/\/lavereda.com.mx\/index.php\/wp-json\/wp\/v2\/users\/9"}],"replies":[{"embeddable":true,"href":"https:\/\/lavereda.com.mx\/index.php\/wp-json\/wp\/v2\/comments?post=7004"}],"version-history":[{"count":3,"href":"https:\/\/lavereda.com.mx\/index.php\/wp-json\/wp\/v2\/posts\/7004\/revisions"}],"predecessor-version":[{"id":7010,"href":"https:\/\/lavereda.com.mx\/index.php\/wp-json\/wp\/v2\/posts\/7004\/revisions\/7010"}],"wp:featuredmedia":[{"embeddable":true,"href":"https:\/\/lavereda.com.mx\/index.php\/wp-json\/wp\/v2\/media\/7008"}],"wp:attachment":[{"href":"https:\/\/lavereda.com.mx\/index.php\/wp-json\/wp\/v2\/media?parent=7004"}],"wp:term":[{"taxonomy":"category","embeddable":true,"href":"https:\/\/lavereda.com.mx\/index.php\/wp-json\/wp\/v2\/categories?post=7004"},{"taxonomy":"post_tag","embeddable":true,"href":"https:\/\/lavereda.com.mx\/index.php\/wp-json\/wp\/v2\/tags?post=7004"}],"curies":[{"name":"wp","href":"https:\/\/api.w.org\/{rel}","templated":true}]}}