{"id":700,"date":"2020-10-04T17:17:16","date_gmt":"2020-10-04T17:17:16","guid":{"rendered":"http:\/\/lavereda.com.mx\/?p=700"},"modified":"2020-10-05T14:07:08","modified_gmt":"2020-10-05T14:07:08","slug":"tambien-nos-robaron-el-otono","status":"publish","type":"post","link":"https:\/\/lavereda.com.mx\/index.php\/2020\/10\/04\/tambien-nos-robaron-el-otono\/","title":{"rendered":"\u00bfTambi\u00e9n nos robaron el oto\u00f1o?"},"content":{"rendered":"\n<p>Octubre siempre fue un mes de bienvenidas. Bienvenida al oto\u00f1o, bienvenida al \u00faltimo trimestre del a\u00f1o, ese tiempo que a\u00f1oramos los que siempre vamos por la vida con prisas, pero el oto\u00f1o nos detiene a pensar. \u00bfEn qu\u00e9? Tal vez en que se acerca el final del a\u00f1o, el paisaje de hojas que tapizan los suelos, el aire de templado a fresco, una cierta calma, aunque no lo es, pero que abre un espacio a la reflexi\u00f3n.<\/p>\n\n\n\n<p>\u00bfQui\u00e9n me ha robado el mes de abril? Dice el cantautor espa\u00f1ol, el genio de \u00dabeda Joaqu\u00edn Sabina. Ahora la frase se puede aplicar al mes de octubre. \u00bfQu\u00e9 nos robaron? La pandemia nos cerr\u00f3 todos los festivales art\u00edsticos, incluyendo al festival m\u00e1s emblem\u00e1tico de esta temporada: el Cervantino.<\/p>\n\n\n\n<p>\u00bfQui\u00e9nes de nosotros no viajamos alguna vez, aunque se de \u201cmochilazo\u201d al Festival Cervantino? \u00bfQui\u00e9nes no vivimos alguna vez las callejoneadas, los conciertos en las calles, restaurantes y bares llenos, pero, sobre todo un mar de cultura en la calle, en cada esquina? Gracias al Cervantino en todo el pa\u00eds se nutr\u00edan festivales art\u00edsticos que tra\u00edan hasta nuestras ciudades parte de su programaci\u00f3n.<\/p>\n\n\n\n<p>En Coahuila era el Festival Internacional Julio Torri y el Festival Revueltas en Durango. Pero, adem\u00e1s, en otros estados tambi\u00e9n hab\u00eda ferias de libros, como la de Monterrey. Tambi\u00e9n octubre era antesala a la Feria Internacional del Libro de Guadalajara. La FIL que lleg\u00f3 a convertirse en la feria literaria m\u00e1s importante del mundo de habla hispana. Uno de los eventos econ\u00f3micos y culturales que m\u00e1s pon\u00edan en alto el nombre de nuestro pa\u00eds.<\/p>\n\n\n\n<blockquote class=\"wp-block-quote is-layout-flow wp-block-quote-is-layout-flow\"><p>La mayor\u00eda de estas actividades migraron al formato virtual y algunas se pospusieron para el siguiente a\u00f1o. El asunto es, que aun con la baja de contagios por el COVID en algunos estados del pa\u00eds, este octubre y este oto\u00f1o no ser\u00e1n lo mismo. Aunque la vida social y econ\u00f3mica comienzan a reactivarse, se percibe un ambiente mezclado de alegr\u00eda y temor. Alegr\u00eda porque algunos confiados, comienzan a ir a bodas, bautizos y viajes. Temor porque con octubre y sus bellas lunas, lleg\u00f3 tambi\u00e9n la amenaza de la influenza.<\/p><\/blockquote>\n\n\n\n<p>Pero en octubre tambi\u00e9n hay movimientos pol\u00edticos que dividen al pa\u00eds. Habr\u00e1 unas elecciones en Coahuila, que huelen sobre todo a desaliento. (Las elecciones para renovar el congreso local son las menos votadas, \u00bfy es que a qui\u00e9n le creemos?).&nbsp;<\/p>\n\n\n\n<p>Asimismo, en este mes se vive el cierre de campa\u00f1as para las elecciones presidenciales en Estados Unidos, unas elecciones inmersas en un ambiente de pesimismo: econ\u00f3mico, de salud y social\u2026 No han sido los mejores a\u00f1os para alimentar la democracia y la participaci\u00f3n ciudadana en el vecino pa\u00eds.<\/p>\n\n\n\n<p>En el inicio de este trimestre tambi\u00e9n ha quedado claro que las casas seguir\u00e1n como escenario de una educaci\u00f3n virtual, que muy probablemente se extender\u00e1 hasta el pr\u00f3ximo a\u00f1o. Las aulas migraron a las pantallas, con una nostalgia por la interacci\u00f3n y la inigualable experiencia de contacto social.<\/p>\n\n\n\n<p>\u00bfY que nos queda? Pues que las lunas de octubre siguen ah\u00ed, que el oto\u00f1o trae consigo una cierta dosis de felicidad anticipada. Siempre los m\u00e1s peque\u00f1os en casa esperan con ansia la navidad, en M\u00e9xico nos preparamos para uno de los rituales m\u00e1s esperados: el 2 de noviembre: d\u00eda de los santos difuntos.<\/p>\n\n\n\n<p>Todos en lo individual debemos de mantener vivo el oto\u00f1o, vivir sus colores, sentir su brisa. Lo dem\u00e1s, ser\u00e1 otra historia.<\/p>\n\n\n\n<p>Twitter: @Lavargasadri.<\/p>\n","protected":false},"excerpt":{"rendered":"<p>Octubre siempre fue un mes de bienvenidas. Bienvenida al oto\u00f1o, bienvenida al \u00faltimo trimestre del a\u00f1o, ese tiempo que a\u00f1oramos los que siempre vamos por la vida con prisas, pero &hellip; <a href=\"https:\/\/lavereda.com.mx\/index.php\/2020\/10\/04\/tambien-nos-robaron-el-otono\/\" class=\"more-link\">Leer m\u00e1s<\/a><\/p>\n","protected":false},"author":9,"featured_media":701,"comment_status":"open","ping_status":"open","sticky":false,"template":"","format":"standard","meta":{"footnotes":""},"categories":[18,9],"tags":[],"class_list":["post-700","post","type-post","status-publish","format-standard","has-post-thumbnail","hentry","category-lomasrelevante","category-opinion","entry"],"_links":{"self":[{"href":"https:\/\/lavereda.com.mx\/index.php\/wp-json\/wp\/v2\/posts\/700","targetHints":{"allow":["GET"]}}],"collection":[{"href":"https:\/\/lavereda.com.mx\/index.php\/wp-json\/wp\/v2\/posts"}],"about":[{"href":"https:\/\/lavereda.com.mx\/index.php\/wp-json\/wp\/v2\/types\/post"}],"author":[{"embeddable":true,"href":"https:\/\/lavereda.com.mx\/index.php\/wp-json\/wp\/v2\/users\/9"}],"replies":[{"embeddable":true,"href":"https:\/\/lavereda.com.mx\/index.php\/wp-json\/wp\/v2\/comments?post=700"}],"version-history":[{"count":2,"href":"https:\/\/lavereda.com.mx\/index.php\/wp-json\/wp\/v2\/posts\/700\/revisions"}],"predecessor-version":[{"id":704,"href":"https:\/\/lavereda.com.mx\/index.php\/wp-json\/wp\/v2\/posts\/700\/revisions\/704"}],"wp:featuredmedia":[{"embeddable":true,"href":"https:\/\/lavereda.com.mx\/index.php\/wp-json\/wp\/v2\/media\/701"}],"wp:attachment":[{"href":"https:\/\/lavereda.com.mx\/index.php\/wp-json\/wp\/v2\/media?parent=700"}],"wp:term":[{"taxonomy":"category","embeddable":true,"href":"https:\/\/lavereda.com.mx\/index.php\/wp-json\/wp\/v2\/categories?post=700"},{"taxonomy":"post_tag","embeddable":true,"href":"https:\/\/lavereda.com.mx\/index.php\/wp-json\/wp\/v2\/tags?post=700"}],"curies":[{"name":"wp","href":"https:\/\/api.w.org\/{rel}","templated":true}]}}