{"id":6996,"date":"2025-07-18T02:56:03","date_gmt":"2025-07-18T02:56:03","guid":{"rendered":"https:\/\/lavereda.com.mx\/?p=6996"},"modified":"2025-07-18T02:56:03","modified_gmt":"2025-07-18T02:56:03","slug":"inauguran-la-escultura-monumental-kauyumari-en-torreon","status":"publish","type":"post","link":"https:\/\/lavereda.com.mx\/index.php\/2025\/07\/18\/inauguran-la-escultura-monumental-kauyumari-en-torreon\/","title":{"rendered":"Inauguran la escultura monumental\u00a0Kauyumari en Torre\u00f3n"},"content":{"rendered":"\n<p>Este jueves se realiz\u00f3 la inauguraci\u00f3n del Centro Ceremonial Kauyumari, que consta de una escultura monmental de 6.5 metros de altura que representa a la venada, animal espiritual s\u00edmbolo de la cultura wix\u00e1rica.<\/p>\n\n\n\n<p>Por \u00fanica ocasi\u00f3n, la venada fue ensamblada para ser apreciada por la comunidad lagunera, antes de partir al Festival Burning Man Nevada 2025. Se trata de un proyecto que inici\u00f3 la escultora Leyla Brashka, iniciadora del Centro Ceremonial, quien reuni\u00f3 a alrededor de 250 artistas laguneros en la creaci\u00f3n de esta escultura.<\/p>\n\n\n\n<p>Kauyumari fue expuesta en una bodega que se convertir\u00e1 en Casa Brashka, un lugar donde se ofrecer\u00e1n talleres art\u00edsticos a la poblaci\u00f3n lagunera. Ha sido creada con m\u00e1s 600 piezas de cer\u00e1mica, vtitrales, arte huichol, herrer\u00eda, madera y una gran iluminaci\u00f3n.<\/p>\n\n\n\n<p>En rueda de prensa Leyla Brashka present\u00f3 al equipo multidisciplinario de artistas que participaron en la creaci\u00f3n de la escultura ceremonial, cuyo prop\u00f3sito es&nbsp;&nbsp;enaltecer la cultura originaria Wix\u00e1rika, comunidad de gran importancia en M\u00e9xico y que recientemente fue declarada Patrimonio de la Humanidad por la UNESCO.<\/p>\n\n\n\n<p>Estuvieron presentes los artistas Salvador Montenegro en la herrer\u00eda, Fernando Monta\u00f1a en los vitrales, Ricardo Rodr\u00edguez como ceramista, Gerardo Aguilar en la iluminaci\u00f3n y Alejandro Cu\u00e9llar como ebanista, as\u00ed como integrantes de la comunidad Wix\u00e1rica.<\/p>\n\n\n\n<figure class=\"wp-block-image size-large is-resized\"><img fetchpriority=\"high\" decoding=\"async\" width=\"1024\" height=\"768\" src=\"https:\/\/lavereda.com.mx\/wp-content\/uploads\/2025\/07\/WhatsApp-Image-2025-07-17-at-8.48.51-PM-1024x768.jpeg\" alt=\"\" class=\"wp-image-6998\" style=\"width:487px;height:auto\" srcset=\"https:\/\/lavereda.com.mx\/wp-content\/uploads\/2025\/07\/WhatsApp-Image-2025-07-17-at-8.48.51-PM-1024x768.jpeg 1024w, https:\/\/lavereda.com.mx\/wp-content\/uploads\/2025\/07\/WhatsApp-Image-2025-07-17-at-8.48.51-PM-300x225.jpeg 300w, https:\/\/lavereda.com.mx\/wp-content\/uploads\/2025\/07\/WhatsApp-Image-2025-07-17-at-8.48.51-PM-768x576.jpeg 768w, https:\/\/lavereda.com.mx\/wp-content\/uploads\/2025\/07\/WhatsApp-Image-2025-07-17-at-8.48.51-PM.jpeg 1100w\" sizes=\"(max-width: 1024px) 100vw, 1024px\" \/><\/figure>\n\n\n\n<p><\/p>\n\n\n\n<p>La venada&nbsp;Kauyumari&nbsp;cuenta con m\u00e1s de 150 metros lineales de iluminaci\u00f3n, que estar\u00e1n encendidas por 12 horas continuas en los sitios donde se presente, as\u00ed como numerosos y preciosos detalles en su elaboraci\u00f3n, creados con la ayuda de las manos de artesanos de la comunidad huichol.<\/p>\n\n\n\n<p>Leyla Brashka agreg\u00f3 que este proyecto busca que la comunidad pueda conectar con la tierra y nuestras ra\u00edces, es en honor al venado, animal espiritual de la conunidad wix\u00e1rika y al Hikury que es la planta del peyote.<\/p>\n\n\n\n<p>Agreg\u00f3 que le interes\u00f3 realizar este proyecto, involucrando a m\u00e1s de 200 personas, porque \u201ccreo en el poder transformador del arte y porque queremos enaltecer las culturas originarias ind\u00edgenas y poder retornar a quienes somos\u201d.<\/p>\n\n\n\n<p>Despu\u00e9s de participar en el festival de Nevada, la escultura ceremonial regresar\u00e1 a tierras laguneras, a partir de octubre ser\u00e1 expuesta en el complejo tur\u00edstico del Cerro de las Noas, para finalmente ser donada a una regi\u00f3n de la comunidad wix\u00e1rica.<\/p>\n\n\n\n<figure class=\"wp-block-image size-large is-resized\"><img decoding=\"async\" width=\"768\" height=\"1024\" src=\"https:\/\/lavereda.com.mx\/wp-content\/uploads\/2025\/07\/WhatsApp-Image-2025-07-17-at-7.13.23-PM-768x1024.jpeg\" alt=\"\" class=\"wp-image-6999\" style=\"width:433px;height:auto\" srcset=\"https:\/\/lavereda.com.mx\/wp-content\/uploads\/2025\/07\/WhatsApp-Image-2025-07-17-at-7.13.23-PM-768x1024.jpeg 768w, https:\/\/lavereda.com.mx\/wp-content\/uploads\/2025\/07\/WhatsApp-Image-2025-07-17-at-7.13.23-PM-225x300.jpeg 225w, https:\/\/lavereda.com.mx\/wp-content\/uploads\/2025\/07\/WhatsApp-Image-2025-07-17-at-7.13.23-PM.jpeg 1100w\" sizes=\"(max-width: 768px) 100vw, 768px\" \/><\/figure>\n","protected":false},"excerpt":{"rendered":"<p>Este jueves se realiz\u00f3 la inauguraci\u00f3n del Centro Ceremonial Kauyumari, que consta de una escultura monmental de 6.5 metros de altura que representa a la venada, animal espiritual s\u00edmbolo de &hellip; <a href=\"https:\/\/lavereda.com.mx\/index.php\/2025\/07\/18\/inauguran-la-escultura-monumental-kauyumari-en-torreon\/\" class=\"more-link\">Leer m\u00e1s<\/a><\/p>\n","protected":false},"author":9,"featured_media":6997,"comment_status":"open","ping_status":"open","sticky":false,"template":"","format":"standard","meta":{"footnotes":""},"categories":[3],"tags":[80,33,244],"class_list":["post-6996","post","type-post","status-publish","format-standard","has-post-thumbnail","hentry","category-artes-visuales","tag-escultura","tag-torreon-2","tag-wixarica","entry"],"_links":{"self":[{"href":"https:\/\/lavereda.com.mx\/index.php\/wp-json\/wp\/v2\/posts\/6996","targetHints":{"allow":["GET"]}}],"collection":[{"href":"https:\/\/lavereda.com.mx\/index.php\/wp-json\/wp\/v2\/posts"}],"about":[{"href":"https:\/\/lavereda.com.mx\/index.php\/wp-json\/wp\/v2\/types\/post"}],"author":[{"embeddable":true,"href":"https:\/\/lavereda.com.mx\/index.php\/wp-json\/wp\/v2\/users\/9"}],"replies":[{"embeddable":true,"href":"https:\/\/lavereda.com.mx\/index.php\/wp-json\/wp\/v2\/comments?post=6996"}],"version-history":[{"count":1,"href":"https:\/\/lavereda.com.mx\/index.php\/wp-json\/wp\/v2\/posts\/6996\/revisions"}],"predecessor-version":[{"id":7000,"href":"https:\/\/lavereda.com.mx\/index.php\/wp-json\/wp\/v2\/posts\/6996\/revisions\/7000"}],"wp:featuredmedia":[{"embeddable":true,"href":"https:\/\/lavereda.com.mx\/index.php\/wp-json\/wp\/v2\/media\/6997"}],"wp:attachment":[{"href":"https:\/\/lavereda.com.mx\/index.php\/wp-json\/wp\/v2\/media?parent=6996"}],"wp:term":[{"taxonomy":"category","embeddable":true,"href":"https:\/\/lavereda.com.mx\/index.php\/wp-json\/wp\/v2\/categories?post=6996"},{"taxonomy":"post_tag","embeddable":true,"href":"https:\/\/lavereda.com.mx\/index.php\/wp-json\/wp\/v2\/tags?post=6996"}],"curies":[{"name":"wp","href":"https:\/\/api.w.org\/{rel}","templated":true}]}}