{"id":6993,"date":"2025-07-17T00:58:52","date_gmt":"2025-07-17T00:58:52","guid":{"rendered":"https:\/\/lavereda.com.mx\/?p=6993"},"modified":"2025-07-17T00:58:53","modified_gmt":"2025-07-17T00:58:53","slug":"nombran-a-nuevo-director-del-inah-en-mexico","status":"publish","type":"post","link":"https:\/\/lavereda.com.mx\/index.php\/2025\/07\/17\/nombran-a-nuevo-director-del-inah-en-mexico\/","title":{"rendered":"Nombran a nuevo director del INAH en M\u00e9xico"},"content":{"rendered":"\n<p>La Secretar\u00eda de Cultura del Gobierno de M\u00e9xico informa que, por acuerdo con la Presidenta de M\u00e9xico, Claudia Sheinbaum Pardo, la titular de la dependencia, Claudia Curiel de Icaza, ha nombrado a Diego Prieto Hern\u00e1ndez como titular de la reci\u00e9n creada Unidad de Culturas Vivas, Patrimonio Inmaterial e Interculturalidad (UCVPII), y a Joel Omar V\u00e1zquez Herrera como nuevo Director General del Instituto Nacional de Antropolog\u00eda e Historia (INAH).&nbsp;<\/p>\n\n\n\n<p>Para el Gobierno de M\u00e9xico es importante el reconocimiento de los derechos de los pueblos ind\u00edgenas, los planes de justicia social, el rescate de la memoria hist\u00f3rica y el fortalecimiento de la riqueza cultural de nuestro pa\u00eds. La UCVPII surge con el objetivo de impulsar y coordinar las acciones en favor del reconocimiento de la diversidad cultural y el ejercicio de los derechos culturales de los pueblos y comunidades urbanas, rurales, ind\u00edgenas y afromexicanas.&nbsp;<\/p>\n\n\n\n<p>\u201cM\u00e9xico es una naci\u00f3n de culturas vivas. Una naci\u00f3n libre, soberana y humanista, que encuentra en su diversidad cultural una de sus mayores riquezas. Por ello, en concordancia con el proyecto de transformaci\u00f3n democr\u00e1tica del pa\u00eds, en la Secretar\u00eda de Cultura del Gobierno de M\u00e9xico hemos decidido crear una nueva \u00e1rea estrat\u00e9gica\u201d, afirm\u00f3 la secretaria de Cultura, Claudia Curiel de Icaza.<\/p>\n\n\n\n<p>En ese sentido, la UCVPII recuperar\u00e1, fortalecer\u00e1 y reordenar\u00e1 las funciones y actividades gubernamentales en el sector cultural para dar cauce a un programa integral y transversal con otras entidades del Gobierno de M\u00e9xico que fortalezca el reconocimiento y respeto a la diversidad cultural, tan elementales en la consolidaci\u00f3n de la transformaci\u00f3n democr\u00e1tica y humanista de nuestro pa\u00eds.&nbsp;&nbsp;<\/p>\n\n\n\n<p>Al frente de la UCVPII estar\u00e1 Diego Prieto Hern\u00e1ndez. Antrop\u00f3logo de formaci\u00f3n, se ha desempe\u00f1ado como docente e investigador y ha dedicado su vida profesional a la protecci\u00f3n, salvaguardia e investigaci\u00f3n del patrimonio hist\u00f3rico, arqueol\u00f3gico, paleontol\u00f3gico y antropol\u00f3gico de M\u00e9xico.&nbsp;<\/p>\n\n\n\n<p>Prieto Hern\u00e1ndez afirm\u00f3 que asume la responsabilidad con entusiasmo, entrega y compromiso. \u201cEntiendo y reconozco la relevancia que para los gobiernos de la Cuarta Transformaci\u00f3n reviste el rescate, el respeto y la revaloraci\u00f3n de nuestras culturas originarias. Es por ello que, desde la Unidad de Culturas Vivas trabajaremos con empe\u00f1o por fortalecer la participaci\u00f3n comunitaria en la vida cultural, por impulsar medidas de salvaguardia del patrimonio inmaterial, por coordinar diagn\u00f3sticos y registros sobre la realidad que subsiste en nuestras comunidades y pueblos originarios\u201d.&nbsp;<\/p>\n\n\n\n<p>Egresado de la Escuela Nacional de Antropolog\u00eda e Historia (ENAH) en la especialidad de Antropolog\u00eda Social, Diego Prieto Hern\u00e1ndez cuenta con estudios de maestr\u00eda en Ciencia Pol\u00edtica por la Universidad Nacional Aut\u00f3noma de M\u00e9xico (UNAM) y en Ciencias Antropol\u00f3gicas por la Universidad Aut\u00f3noma Metropolitana (UAM).&nbsp;&nbsp;<\/p>\n\n\n\n<p>Como colaborador del INAH, ha sido profesor, investigador y director del Centro INAH Quer\u00e9taro, Coordinador Nacional de Antropolog\u00eda, Secretario T\u00e9cnico y desde 2016, Director General. Ha impartido c\u00e1tedra en la ENAH y en la Universidad Aut\u00f3noma de Quer\u00e9taro (UAQ); asimismo, ha coordinado proyectos de investigaci\u00f3n sobre movimientos sociales, patrimonio cultural, pol\u00edticas culturales y etnograf\u00eda de los pueblos originarios, tem\u00e1ticas sobre las cuales tambi\u00e9n ha impartido conferencias, presentaciones y talleres.&nbsp;<\/p>\n\n\n\n<p>Por su labor ha obtenido diversos reconocimientos, entre ellos, los premios \u201cFrancisco de la Maza\u201d (2005) y \u201cManuel Gamio\u201d (2010), y en dos ocasiones, recibi\u00f3 la Menci\u00f3n Honor\u00edfica del Premio Miguel Covarrubias.\u00a0\u00a0<\/p>\n\n\n\n<p><strong>Joel Omar V\u00e1zquez, nuevo director general del INAH&nbsp;<\/strong><\/p>\n\n\n\n<p>Asimismo, el antrop\u00f3logo Joel Omar V\u00e1zquez Herrera es designado director general del Instituto Nacional de Antropolog\u00eda e Historia, \u00f3rgano de la Secretar\u00eda de Cultura del Gobierno de M\u00e9xico, que investiga, conserva, difunde el patrimonio arqueol\u00f3gico, antropol\u00f3gico, hist\u00f3rico y paleontol\u00f3gico de la naci\u00f3n.&nbsp;&nbsp;&nbsp;<\/p>\n\n\n\n<p>Licenciado en Antropolog\u00eda Social, con estudios de maestr\u00eda en Administraci\u00f3n P\u00fablica, por la UAQ, Joel Omar V\u00e1zquez cuenta con dos d\u00e9cadas de experiencia en el servicio p\u00fablico y destaca como especialista en el \u00e1mbito de la pol\u00edtica de poblaci\u00f3n y del patrimonio cultural de M\u00e9xico.&nbsp;<\/p>\n\n\n\n<p>Desde 2016 ha construido una s\u00f3lida trayectoria dentro del INAH, siendo director del Centro INAH Oaxaca en dos ocasiones, donde lider\u00f3 los esfuerzos del Programa Nacional de Reconstrucci\u00f3n relacionados con la restauraci\u00f3n de casi 650 inmuebles arqueol\u00f3gicos e hist\u00f3ricos afectados por los sismos de 2017, 2018 y 2020.&nbsp;&nbsp;<\/p>\n\n\n\n<p>De igual manera, llev\u00f3 a cabo importantes gestiones para reforzar el pol\u00edgono de protecci\u00f3n de la zona arqueol\u00f3gica de Monte Alb\u00e1n, encabez\u00f3 la reapertura del Museo Ervin Frissell de San Pablo Villa de Mitla, que da a conocer la importancia y belleza de las culturas prehisp\u00e1nicas de Oaxaca; impuls\u00f3 la actualizaci\u00f3n al Reglamento del Plan Parcial de Conservaci\u00f3n de la Zona de Monumentos Hist\u00f3ricos de Oaxaca de Ju\u00e1rez y es part\u00edcipe de la recuperaci\u00f3n de la casa Odriozola de San Pedro y San Pablo Teposcolula, que albergar\u00e1 la Escuela de Restauraci\u00f3n dirigida a j\u00f3venes de la regi\u00f3n.&nbsp;<\/p>\n\n\n\n<p>En materia acad\u00e9mica, ha realizado trabajos de investigaci\u00f3n sobre antropolog\u00eda m\u00e9dica o de la salud y los servicios civiles de carrera; adem\u00e1s, coordin\u00f3 el libro Oaxaca Patrimonio Cultural: Investigaciones Recientes.&nbsp;<\/p>\n\n\n\n<p>Durante su gesti\u00f3n como Coordinador Nacional de Centros INAH, desempe\u00f1\u00f3 un papel preponderante en los procesos de descentralizaci\u00f3n institucional y fortaleci\u00f3 las capacidades operativas a nivel regional y nacional. Tambi\u00e9n ha sido catedr\u00e1tico en la UAQ, compartiendo su experiencia y contribuyendo a la formaci\u00f3n de nuevas generaciones de antrop\u00f3logos y servidores p\u00fablicos.&nbsp;<\/p>\n\n\n\n<p><\/p>\n","protected":false},"excerpt":{"rendered":"<p>La Secretar\u00eda de Cultura del Gobierno de M\u00e9xico informa que, por acuerdo con la Presidenta de M\u00e9xico, Claudia Sheinbaum Pardo, la titular de la dependencia, Claudia Curiel de Icaza, ha &hellip; <a href=\"https:\/\/lavereda.com.mx\/index.php\/2025\/07\/17\/nombran-a-nuevo-director-del-inah-en-mexico\/\" class=\"more-link\">Leer m\u00e1s<\/a><\/p>\n","protected":false},"author":1,"featured_media":6994,"comment_status":"open","ping_status":"open","sticky":false,"template":"","format":"standard","meta":{"footnotes":""},"categories":[8],"tags":[204],"class_list":["post-6993","post","type-post","status-publish","format-standard","has-post-thumbnail","hentry","category-sociedad","tag-inah","entry"],"_links":{"self":[{"href":"https:\/\/lavereda.com.mx\/index.php\/wp-json\/wp\/v2\/posts\/6993","targetHints":{"allow":["GET"]}}],"collection":[{"href":"https:\/\/lavereda.com.mx\/index.php\/wp-json\/wp\/v2\/posts"}],"about":[{"href":"https:\/\/lavereda.com.mx\/index.php\/wp-json\/wp\/v2\/types\/post"}],"author":[{"embeddable":true,"href":"https:\/\/lavereda.com.mx\/index.php\/wp-json\/wp\/v2\/users\/1"}],"replies":[{"embeddable":true,"href":"https:\/\/lavereda.com.mx\/index.php\/wp-json\/wp\/v2\/comments?post=6993"}],"version-history":[{"count":1,"href":"https:\/\/lavereda.com.mx\/index.php\/wp-json\/wp\/v2\/posts\/6993\/revisions"}],"predecessor-version":[{"id":6995,"href":"https:\/\/lavereda.com.mx\/index.php\/wp-json\/wp\/v2\/posts\/6993\/revisions\/6995"}],"wp:featuredmedia":[{"embeddable":true,"href":"https:\/\/lavereda.com.mx\/index.php\/wp-json\/wp\/v2\/media\/6994"}],"wp:attachment":[{"href":"https:\/\/lavereda.com.mx\/index.php\/wp-json\/wp\/v2\/media?parent=6993"}],"wp:term":[{"taxonomy":"category","embeddable":true,"href":"https:\/\/lavereda.com.mx\/index.php\/wp-json\/wp\/v2\/categories?post=6993"},{"taxonomy":"post_tag","embeddable":true,"href":"https:\/\/lavereda.com.mx\/index.php\/wp-json\/wp\/v2\/tags?post=6993"}],"curies":[{"name":"wp","href":"https:\/\/api.w.org\/{rel}","templated":true}]}}