{"id":6989,"date":"2025-07-14T17:15:31","date_gmt":"2025-07-14T17:15:31","guid":{"rendered":"https:\/\/lavereda.com.mx\/?p=6989"},"modified":"2025-07-14T17:15:32","modified_gmt":"2025-07-14T17:15:32","slug":"abren-convocatoria-para-primer-encuentro-de-teatro-en-torreon","status":"publish","type":"post","link":"https:\/\/lavereda.com.mx\/index.php\/2025\/07\/14\/abren-convocatoria-para-primer-encuentro-de-teatro-en-torreon\/","title":{"rendered":"Abren convocatoria para Primer Encuentro de Teatro en Torre\u00f3n"},"content":{"rendered":"\n<ul class=\"wp-block-list\">\n<li><em>La convocatoria est\u00e1 abierta a partir del 10 de julio hasta el pr\u00f3ximo 05 de agosto del 2025.<\/em><\/li>\n<\/ul>\n\n\n\n<p>El Instituto Municipal de Cultura y Educaci\u00f3n de Torre\u00f3n en colaboraci\u00f3n con el Teatro Alfonso Garibay\u00a0realiz\u00f3 la invitaci\u00f3n a las y los creadores esc\u00e9nicos a participar en la convocatoria de la primera edici\u00f3n del 1er\u00a0<strong>Encuentro de Teatro Torre\u00f3n.<\/strong><\/p>\n\n\n\n<p>Con el prop\u00f3sito de impulsar y promover la creciente creaci\u00f3n esc\u00e9nica de la ciudad, esta convocatoria invita a compa\u00f1\u00edas y colectivos teatrales con residencia en Torre\u00f3n a postular una propuesta por compa\u00f1\u00eda o grupo.<\/p>\n\n\n\n<p>Para esta edici\u00f3n habr\u00e1 tres categor\u00edas:\u00a0<strong>Infancias<\/strong>: se seleccionar\u00e1\u00a0<strong>1 montaje esc\u00e9nico<\/strong>. <strong>Adolescentes y adultos<\/strong>: se seleccionar\u00e1n\u00a0<strong>2 montajes esc\u00e9nicos<\/strong>. <strong>Estudiantil<\/strong>: se seleccionar\u00e1\u00a0<strong>1 montaje esc\u00e9nico<\/strong>.<\/p>\n\n\n\n<p>Los montajes que se postulen deber\u00e1n cubrir una serie de requisitos o lineamientos: contar con un m\u00e1ximo de\u00a0<strong>10 integrantes en total<\/strong>, incluyendo al equipo creativo, y un m\u00e1ximo de\u00a0<strong>6 actores en escena<\/strong>.<br>Adem\u00e1s, deber\u00e1n haber sido\u00a0<strong>estrenados en 2024 o 2025<\/strong>, con al menos\u00a0<strong>3 presentaciones previas a la fecha de postulaci\u00f3n<\/strong>. Entre otros aspectos, las obras deber\u00e1n durar de 45 a 90 minutos y las tem\u00e1ticas no deber\u00e1n promover la violencia en ninguna de sus formas.<\/p>\n\n\n\n<p>El registro se podr\u00e1 realizar a trav\u00e9s del correo:\u00a0<a href=\"mailto:coordinacionartesescenicas.imce@gmail.com\"><strong>coordinacionartesescenicas.imce@gmail.com<\/strong><\/a><strong>\u00a0<\/strong>en donde cada compa\u00f1\u00eda participante enviar\u00e1 un archivo de PDF que deber\u00e1 cubrir con los aspectos que se indican en la convocatoria, las carpetas que contengan informaci\u00f3n incompleta no ser\u00e1n evaluadas.\u00a0\u00a0\u00a0\u00a0\u00a0\u00a0\u00a0\u00a0<br>La convocatoria estar\u00e1 abierta a partir de este 10 de julio hasta el pr\u00f3ximo 05 de agosto del 2025.<\/p>\n\n\n\n<p>Cada montaje seleccionado recibir\u00e1 un est\u00edmulo econ\u00f3mico que asciende a\u00a0la cantidad de $7,000.00 (SIETE MIL PESOS 00\/100 M.N.) m\u00e1s impuestos, y tendr\u00e1n una presentaci\u00f3n en el Teatro Alfonso Garibay.\u00a0<\/p>\n\n\n\n<p>Asimismo durante el Encuentro de Teatro, el 11 y 12 de septiembre se realizar\u00e1 un taller de dramaturgia impartido por Sayuli Navarro y el 13 y 14 de septiembre un taller de producci\u00f3n \u201c\u00bfC\u00f3mo armar tu dossier de producci\u00f3n?\u201d\u00a0\u00a0impartido por Karla Aguilera. Ser\u00e1 abierto al p\u00fabico y gratuito pero con cupo limitado. <\/p>\n","protected":false},"excerpt":{"rendered":"<p>El Instituto Municipal de Cultura y Educaci\u00f3n de Torre\u00f3n en colaboraci\u00f3n con el Teatro Alfonso Garibay\u00a0realiz\u00f3 la invitaci\u00f3n a las y los creadores esc\u00e9nicos a participar en la convocatoria de &hellip; <a href=\"https:\/\/lavereda.com.mx\/index.php\/2025\/07\/14\/abren-convocatoria-para-primer-encuentro-de-teatro-en-torreon\/\" class=\"more-link\">Leer m\u00e1s<\/a><\/p>\n","protected":false},"author":1,"featured_media":6991,"comment_status":"open","ping_status":"open","sticky":false,"template":"","format":"standard","meta":{"footnotes":""},"categories":[2],"tags":[],"class_list":["post-6989","post","type-post","status-publish","format-standard","has-post-thumbnail","hentry","category-artes-escenicas","entry"],"_links":{"self":[{"href":"https:\/\/lavereda.com.mx\/index.php\/wp-json\/wp\/v2\/posts\/6989","targetHints":{"allow":["GET"]}}],"collection":[{"href":"https:\/\/lavereda.com.mx\/index.php\/wp-json\/wp\/v2\/posts"}],"about":[{"href":"https:\/\/lavereda.com.mx\/index.php\/wp-json\/wp\/v2\/types\/post"}],"author":[{"embeddable":true,"href":"https:\/\/lavereda.com.mx\/index.php\/wp-json\/wp\/v2\/users\/1"}],"replies":[{"embeddable":true,"href":"https:\/\/lavereda.com.mx\/index.php\/wp-json\/wp\/v2\/comments?post=6989"}],"version-history":[{"count":2,"href":"https:\/\/lavereda.com.mx\/index.php\/wp-json\/wp\/v2\/posts\/6989\/revisions"}],"predecessor-version":[{"id":6992,"href":"https:\/\/lavereda.com.mx\/index.php\/wp-json\/wp\/v2\/posts\/6989\/revisions\/6992"}],"wp:featuredmedia":[{"embeddable":true,"href":"https:\/\/lavereda.com.mx\/index.php\/wp-json\/wp\/v2\/media\/6991"}],"wp:attachment":[{"href":"https:\/\/lavereda.com.mx\/index.php\/wp-json\/wp\/v2\/media?parent=6989"}],"wp:term":[{"taxonomy":"category","embeddable":true,"href":"https:\/\/lavereda.com.mx\/index.php\/wp-json\/wp\/v2\/categories?post=6989"},{"taxonomy":"post_tag","embeddable":true,"href":"https:\/\/lavereda.com.mx\/index.php\/wp-json\/wp\/v2\/tags?post=6989"}],"curies":[{"name":"wp","href":"https:\/\/api.w.org\/{rel}","templated":true}]}}